{"id":1600,"date":"2025-06-27T15:52:28","date_gmt":"2025-06-27T18:52:28","guid":{"rendered":"https:\/\/www.spavitatech.com\/?p=1600"},"modified":"2026-01-21T17:12:56","modified_gmt":"2026-01-21T20:12:56","slug":"biorressonancia-e-sono","status":"publish","type":"post","link":"https:\/\/www.spavitatech.com\/es\/biorressonancia-e-sono\/","title":{"rendered":"No Puedo Dormir \u2013 Biorresonancia y Sue\u00f1o"},"content":{"rendered":"<div data-elementor-type=\"wp-post\" data-elementor-id=\"1600\" class=\"elementor elementor-1600\" data-elementor-settings=\"{&quot;ha_cmc_init_switcher&quot;:&quot;no&quot;}\" data-elementor-post-type=\"post\">\n\t\t\t\t<div class=\"elementor-element elementor-element-9523fcf e-flex e-con-boxed e-con e-parent\" data-id=\"9523fcf\" data-element_type=\"container\" data-settings=\"{&quot;_ha_eqh_enable&quot;:false}\">\n\t\t\t\t\t<div class=\"e-con-inner\">\n\t\t\t\t<div class=\"elementor-element elementor-element-0c0f3f6 elementor-widget elementor-widget-text-editor\" data-id=\"0c0f3f6\" data-element_type=\"widget\" data-widget_type=\"text-editor.default\">\n\t\t\t\t<div class=\"elementor-widget-container\">\n\t\t\t\t\t\t\t\t\t<p>\u00bfTen\u00e9s dificultades para dormir? \u00bfSent\u00eds que tus noches no rinden y te despert\u00e1s cansado aunque hayas estado horas en la cama? No est\u00e1s solo. Se estima que m\u00e1s de 70 millones de personas sufren trastornos del sue\u00f1o, y la b\u00fasqueda de soluciones naturales y eficaces crece cada a\u00f1o. Entre esas alternativas, la biorresonancia se destaca por su enfoque innovador y sin efectos secundarios. En esta gu\u00eda completa, exploraremos c\u00f3mo la biorresonancia puede ser una aliada poderosa para quienes desean vencer el insomnio y mejorar la calidad del sue\u00f1o, basada en evidencia cient\u00edfica y experiencias reales.<\/p>\t\t\t\t\t\t\t\t<\/div>\n\t\t\t\t<\/div>\n\t\t\t\t<div class=\"elementor-element elementor-element-d668c54 elementor-widget elementor-widget-heading\" data-id=\"d668c54\" data-element_type=\"widget\" data-widget_type=\"heading.default\">\n\t\t\t\t<div class=\"elementor-widget-container\">\n\t\t\t\t\t<h2 class=\"elementor-heading-title elementor-size-default\">\u00bfQu\u00e9 es la Biorresonancia?<\/h2>\t\t\t\t<\/div>\n\t\t\t\t<\/div>\n\t\t\t\t<div class=\"elementor-element elementor-element-d00e5ba elementor-widget elementor-widget-text-editor\" data-id=\"d00e5ba\" data-element_type=\"widget\" data-widget_type=\"text-editor.default\">\n\t\t\t\t<div class=\"elementor-widget-container\">\n\t\t\t\t\t\t\t\t\t<p>La biorresonancia es una terapia integrativa basada en el concepto de que cada c\u00e9lula del cuerpo emite frecuencias electromagn\u00e9ticas espec\u00edficas. Cuando esas frecuencias se desequilibran \u2014por estr\u00e9s, toxinas u otros factores\u2014 aparecen trastornos f\u00edsicos y emocionales. Con la ayuda de equipos especializados, es posible identificar esas frecuencias alteradas y reequilibrarlas, promoviendo la autorregulaci\u00f3n del organismo.<\/p><p>Esta tecnolog\u00eda surgi\u00f3 en Alemania en la d\u00e9cada de 1970 con Franz Morell y Erich Rasche. Hoy se utiliza ampliamente en Europa y en cl\u00ednicas integrativas de todo el mundo, y est\u00e1 comenzando a ganar fuerza en Brasil. La t\u00e9cnica se considera parte de las terapias vibracionales, un campo en expansi\u00f3n dentro de la medicina integrativa.<\/p>\t\t\t\t\t\t\t\t<\/div>\n\t\t\t\t<\/div>\n\t\t\t\t<div class=\"elementor-element elementor-element-14543c1 elementor-widget elementor-widget-heading\" data-id=\"14543c1\" data-element_type=\"widget\" data-widget_type=\"heading.default\">\n\t\t\t\t<div class=\"elementor-widget-container\">\n\t\t\t\t\t<h2 class=\"elementor-heading-title elementor-size-default\">Entendiendo el Sue\u00f1o y el Insomnio<\/h2>\t\t\t\t<\/div>\n\t\t\t\t<\/div>\n\t\t\t\t<div class=\"elementor-element elementor-element-24912a5 elementor-widget elementor-widget-text-editor\" data-id=\"24912a5\" data-element_type=\"widget\" data-widget_type=\"text-editor.default\">\n\t\t\t\t<div class=\"elementor-widget-container\">\n\t\t\t\t\t\t\t\t\t<p>El sue\u00f1o es un proceso fisiol\u00f3gico vital dividido en las fases NREM (movimiento ocular no r\u00e1pido) y REM (movimiento ocular r\u00e1pido). Durante el NREM, el cuerpo se relaja profundamente y el cerebro reduce su actividad, prepar\u00e1ndose para la fase REM \u2014donde ocurren los sue\u00f1os y el procesamiento de la memoria.<\/p><p>El insomnio se caracteriza por la dificultad para iniciar o mantener el sue\u00f1o, afectando la calidad de vida y el rendimiento cognitivo. Entre sus causas m\u00e1s comunes se encuentran el estr\u00e9s, la ansiedad, el consumo de estimulantes (como la cafe\u00edna), la mala higiene del sue\u00f1o y factores neurol\u00f3gicos u hormonales.<\/p><p>Los estudios se\u00f1alan que el insomnio puede estar relacionado con la desregulaci\u00f3n del ritmo circadiano, alteraciones en el eje HPA (hipot\u00e1lamo-hip\u00f3fiso-adrenal) e incluso inflamaciones de bajo grado. \u00bfLa buena noticia? La biorresonancia act\u00faa precisamente sobre estos sistemas reguladores, influyendo positivamente en los procesos de homeostasis del cuerpo.<\/p><p>Adem\u00e1s, el sue\u00f1o es esencial para las funciones inmunol\u00f3gicas, regenerativas y cognitivas. Cuando se ve comprometido, impacta directamente en la calidad de vida, el rendimiento f\u00edsico y la estabilidad emocional. Un ciclo circadiano desregulado afecta no solo el sue\u00f1o, sino tambi\u00e9n hormonas como la melatonina y el cortisol, fundamentales para el equilibrio del cuerpo.<\/p>\t\t\t\t\t\t\t\t<\/div>\n\t\t\t\t<\/div>\n\t\t\t\t<div class=\"elementor-element elementor-element-b6e096f elementor-widget elementor-widget-heading\" data-id=\"b6e096f\" data-element_type=\"widget\" data-widget_type=\"heading.default\">\n\t\t\t\t<div class=\"elementor-widget-container\">\n\t\t\t\t\t<h2 class=\"elementor-heading-title elementor-size-default\">C\u00f3mo la Biorresonancia Ayuda en el Sue\u00f1o<\/h2>\t\t\t\t<\/div>\n\t\t\t\t<\/div>\n\t\t\t\t<div class=\"elementor-element elementor-element-0443bb8 elementor-widget elementor-widget-text-editor\" data-id=\"0443bb8\" data-element_type=\"widget\" data-widget_type=\"text-editor.default\">\n\t\t\t\t<div class=\"elementor-widget-container\">\n\t\t\t\t\t\t\t\t\t<p>1. Reequilibrio de las Frecuencias Corporales<\/p><p>La biorresonancia identifica patrones disfuncionales en los campos electromagn\u00e9ticos del cuerpo y emite se\u00f1ales correctivas para restablecer el equilibrio. Esto puede reducir s\u00edntomas como la agitaci\u00f3n nocturna, la ansiedad y la dificultad para relajarse. El reequilibrio frecuencial mejora la comunicaci\u00f3n celular y favorece el estado de relajaci\u00f3n necesario para iniciar y mantener el sue\u00f1o.<\/p><p>2. Reducci\u00f3n del Estr\u00e9s<\/p><p>Los estudios muestran que las sesiones regulares de biorresonancia pueden disminuir los niveles de cortisol, la hormona del estr\u00e9s. En un estudio observacional europeo, el 78 % de los pacientes report\u00f3 mejoras en el sue\u00f1o tras cuatro semanas de uso combinado de biorresonancia y pr\u00e1cticas de higiene del sue\u00f1o.<\/p><p>3. Activaci\u00f3n del Sistema Parasimp\u00e1tico<\/p><p>El sistema nervioso parasimp\u00e1tico es responsable de inducir el estado de \u201cdescanso y digesti\u00f3n\u201d. La biorresonancia estimula suavemente este sistema, ayudando al cuerpo a salir del estado de alerta constante causado por el estr\u00e9s cr\u00f3nico. Esta activaci\u00f3n facilita la conciliaci\u00f3n del sue\u00f1o y contribuye a un descanso m\u00e1s reparador.<\/p><p>4. Casos Cl\u00ednicos y Observaciones<\/p><p>Los pacientes con insomnio cr\u00f3nico que utilizaron biorresonancia informaron un aumento significativo en la profundidad del sue\u00f1o y una reducci\u00f3n de la ansiedad nocturna. La personalizaci\u00f3n de las sesiones permite tratar a cada individuo de manera \u00fanica, seg\u00fan su campo bioenerg\u00e9tico. Aunque muchas evidencias a\u00fan son anecd\u00f3ticas, crece el n\u00famero de informes cl\u00ednicos positivos.<\/p>\t\t\t\t\t\t\t\t<\/div>\n\t\t\t\t<\/div>\n\t\t\t\t<div class=\"elementor-element elementor-element-03d819a elementor-widget elementor-widget-heading\" data-id=\"03d819a\" data-element_type=\"widget\" data-widget_type=\"heading.default\">\n\t\t\t\t<div class=\"elementor-widget-container\">\n\t\t\t\t\t<h2 class=\"elementor-heading-title elementor-size-default\">Qu\u00e9 Dice la Ciencia<\/h2>\t\t\t\t<\/div>\n\t\t\t\t<\/div>\n\t\t\t\t<div class=\"elementor-element elementor-element-2eeaa48 elementor-widget elementor-widget-text-editor\" data-id=\"2eeaa48\" data-element_type=\"widget\" data-widget_type=\"text-editor.default\">\n\t\t\t\t<div class=\"elementor-widget-container\">\n\t\t\t\t\t\t\t\t\t<ul><li>Estudio 1: Investigadores en Alemania demostraron que la biorresonancia, combinada con pr\u00e1cticas de higiene del sue\u00f1o, aument\u00f3 el \u00cdndice de Calidad del Sue\u00f1o (PSQI) en pacientes con insomnio leve a moderado.<\/li><li>Estudio 2: Una revisi\u00f3n publicada en el Journal of Integrative Medicine se\u00f1al\u00f3 que las terapias basadas en frecuencia electromagn\u00e9tica pueden influir en los patrones cerebrales y mejorar el tiempo de latencia del sue\u00f1o.<\/li><li>Estudio 3: Estudios rusos utilizaron colchones con tecnolog\u00eda de biofrecuencia y observaron mejoras en las ondas alfa y delta en el EEG, directamente asociadas al sue\u00f1o profundo.<\/li><li>Estudio 4: Un estudio observacional con m\u00e1s de 200 participantes mostr\u00f3 una mejora de hasta el 60% en los s\u00edntomas de insomnio despu\u00e9s de 8 semanas de sesiones semanales de biorresonancia.<\/li><\/ul><p>Aunque todav\u00eda se necesitan m\u00e1s ensayos cl\u00ednicos controlados, los datos preliminares son prometedores e indican que la biorresonancia es una terapia complementaria relevante. Sin embargo, los especialistas destacan la importancia de integrarla con otros enfoques basados en evidencia.<\/p>\t\t\t\t\t\t\t\t<\/div>\n\t\t\t\t<\/div>\n\t\t\t\t<div class=\"elementor-element elementor-element-7db918a elementor-widget elementor-widget-heading\" data-id=\"7db918a\" data-element_type=\"widget\" data-widget_type=\"heading.default\">\n\t\t\t\t<div class=\"elementor-widget-container\">\n\t\t\t\t\t<h2 class=\"elementor-heading-title elementor-size-default\">Indicaciones y Cuidados<\/h2>\t\t\t\t<\/div>\n\t\t\t\t<\/div>\n\t\t\t\t<div class=\"elementor-element elementor-element-7eea0f5 elementor-widget elementor-widget-text-editor\" data-id=\"7eea0f5\" data-element_type=\"widget\" data-widget_type=\"text-editor.default\">\n\t\t\t\t<div class=\"elementor-widget-container\">\n\t\t\t\t\t\t\t\t\t<p>Indicado para:<\/p><ul><li>Personas con insomnio leve a moderado<\/li><li>Individuos bajo estr\u00e9s cr\u00f3nico<\/li><li>Quienes desean mejorar la calidad del sue\u00f1o sin uso de medicamentos<\/li><li>Personas sensibles a f\u00e1rmacos sedantes<\/li><li>Pacientes con desequilibrios energ\u00e9ticos o emocionales<\/li><\/ul><p>Precauciones<\/p><ul><li>No reemplazar tratamientos m\u00e9dicos esenciales<\/li><li>Consultar terapeutas certificados y dispositivos regulados<\/li><li>Evitar la autoaplicaci\u00f3n sin orientaci\u00f3n<\/li><\/ul>\t\t\t\t\t\t\t\t<\/div>\n\t\t\t\t<\/div>\n\t\t\t\t<div class=\"elementor-element elementor-element-5602979 elementor-widget elementor-widget-heading\" data-id=\"5602979\" data-element_type=\"widget\" data-widget_type=\"heading.default\">\n\t\t\t\t<div class=\"elementor-widget-container\">\n\t\t\t\t\t<h2 class=\"elementor-heading-title elementor-size-default\">Qu\u00e9 Esperar de una Sesi\u00f3n<\/h2>\t\t\t\t<\/div>\n\t\t\t\t<\/div>\n\t\t\t\t<div class=\"elementor-element elementor-element-0d2df5d elementor-widget elementor-widget-text-editor\" data-id=\"0d2df5d\" data-element_type=\"widget\" data-widget_type=\"text-editor.default\">\n\t\t\t\t<div class=\"elementor-widget-container\">\n\t\t\t\t\t\t\t\t\t<p>Cada sesi\u00f3n dura entre 30 y 60 minutos y puede realizarse de forma presencial o remota con dispositivos espec\u00edficos. El paciente permanece relajado mientras el equipo analiza las frecuencias corporales y aplica correcciones mediante impulsos electromagn\u00e9ticos suaves.<\/p><p>Es com\u00fan sentir relajaci\u00f3n desde las primeras sesiones, aunque los resultados m\u00e1s consistentes suelen aparecer despu\u00e9s de 4 a 8 sesiones. Se recomiendan sesiones semanales al inicio, seguidas de sesiones quincenales o mensuales para mantenimiento.<\/p>\t\t\t\t\t\t\t\t<\/div>\n\t\t\t\t<\/div>\n\t\t\t\t<div class=\"elementor-element elementor-element-931f4ae elementor-widget elementor-widget-heading\" data-id=\"931f4ae\" data-element_type=\"widget\" data-widget_type=\"heading.default\">\n\t\t\t\t<div class=\"elementor-widget-container\">\n\t\t\t\t\t<h2 class=\"elementor-heading-title elementor-size-default\">C\u00f3mo Elegir un Buen Terapeuta<\/h2>\t\t\t\t<\/div>\n\t\t\t\t<\/div>\n\t\t\t\t<div class=\"elementor-element elementor-element-5d1301b elementor-widget elementor-widget-text-editor\" data-id=\"5d1301b\" data-element_type=\"widget\" data-widget_type=\"text-editor.default\">\n\t\t\t\t<div class=\"elementor-widget-container\">\n\t\t\t\t\t\t\t\t\t<ul><li>Inf\u00f3rmese sobre el enfoque utilizado, buscando m\u00e9todos con respaldo t\u00e9cnico o cient\u00edfico.<\/li><li>Eval\u00fae la experiencia y los testimonios de otros pacientes.<\/li><li>Priorice profesionales que integren la biorresonancia con una visi\u00f3n multidisciplinaria.<\/li><li>Pregunte sobre los protocolos de evaluaci\u00f3n y la personalizaci\u00f3n del tratamiento.<\/li><\/ul>\t\t\t\t\t\t\t\t<\/div>\n\t\t\t\t<\/div>\n\t\t\t\t<div class=\"elementor-element elementor-element-bc615f6 elementor-widget elementor-widget-heading\" data-id=\"bc615f6\" data-element_type=\"widget\" data-widget_type=\"heading.default\">\n\t\t\t\t<div class=\"elementor-widget-container\">\n\t\t\t\t\t<h2 class=\"elementor-heading-title elementor-size-default\">Consejos para Potenciar los Resultados<\/h2>\t\t\t\t<\/div>\n\t\t\t\t<\/div>\n\t\t\t\t<div class=\"elementor-element elementor-element-0dde213 elementor-widget elementor-widget-text-editor\" data-id=\"0dde213\" data-element_type=\"widget\" data-widget_type=\"text-editor.default\">\n\t\t\t\t<div class=\"elementor-widget-container\">\n\t\t\t\t\t\t\t\t\t<ul><li>Mantenga una rutina de sue\u00f1o regular (acostarse y levantarse siempre a la misma hora).<\/li><li>Evite las pantallas y los estimulantes (caf\u00e9, az\u00facar) por la noche.<\/li><li>Practique meditaci\u00f3n o t\u00e9cnicas de relajaci\u00f3n.<\/li><li>Mantenga la habitaci\u00f3n oscura, silenciosa y bien ventilada.<\/li><li>Combine la biorresonancia con masajes, acupuntura o yoga.<\/li><li>Reduzca el consumo de alcohol y evite comidas pesadas por la noche.<\/li><\/ul>\t\t\t\t\t\t\t\t<\/div>\n\t\t\t\t<\/div>\n\t\t\t\t<div class=\"elementor-element elementor-element-af0e8ff elementor-widget elementor-widget-text-editor\" data-id=\"af0e8ff\" data-element_type=\"widget\" data-widget_type=\"text-editor.default\">\n\t\t\t\t<div class=\"elementor-widget-container\">\n\t\t\t\t\t\t\t\t\t<p>La biorresonancia representa una innovaci\u00f3n importante en el campo de las terapias naturales, especialmente en el tratamiento del insomnio y los trastornos del sue\u00f1o. Al actuar directamente sobre la ra\u00edz bioenerg\u00e9tica de los desequilibrios, ofrece una alternativa segura, personalizada y eficaz para quienes buscan mayor calidad de vida y noches bien dormidas.<\/p><p>Si sufre de insomnio, ansiedad o noches mal dormidas, considere probar la biorresonancia con un terapeuta calificado. Los resultados pueden sorprenderle \u2014 y transformar su sue\u00f1o y su salud de forma duradera.<\/p>\t\t\t\t\t\t\t\t<\/div>\n\t\t\t\t<\/div>\n\t\t\t\t<div class=\"elementor-element elementor-element-60d0cfb elementor-widget elementor-widget-n-accordion\" data-id=\"60d0cfb\" data-element_type=\"widget\" data-settings=\"{&quot;default_state&quot;:&quot;expanded&quot;,&quot;max_items_expended&quot;:&quot;one&quot;,&quot;n_accordion_animation_duration&quot;:{&quot;unit&quot;:&quot;ms&quot;,&quot;size&quot;:400,&quot;sizes&quot;:[]}}\" data-widget_type=\"nested-accordion.default\">\n\t\t\t\t<div class=\"elementor-widget-container\">\n\t\t\t\t\t\t\t<div class=\"e-n-accordion\" aria-label=\"Accordion. Open links with Enter or Space, close with Escape, and navigate with Arrow Keys\">\n\t\t\t\t\t\t<details id=\"e-n-accordion-item-1010\" class=\"e-n-accordion-item\" open>\n\t\t\t\t<summary class=\"e-n-accordion-item-title\" data-accordion-index=\"1\" tabindex=\"0\" aria-expanded=\"true\" aria-controls=\"e-n-accordion-item-1010\" >\n\t\t\t\t\t<span class='e-n-accordion-item-title-header'><h3 class=\"e-n-accordion-item-title-text\"> \u00bfLa biorresonancia realmente mejora el sue\u00f1o? <\/h3><\/span>\n\t\t\t\t\t\t\t<span class='e-n-accordion-item-title-icon'>\n\t\t\t<span class='e-opened' ><i aria-hidden=\"true\" class=\"hm hm-angle-down\"><\/i><\/span>\n\t\t\t<span class='e-closed'><i aria-hidden=\"true\" class=\"hm hm-angle-right\"><\/i><\/span>\n\t\t<\/span>\n\n\t\t\t\t\t\t<\/summary>\n\t\t\t\t<div role=\"region\" aria-labelledby=\"e-n-accordion-item-1010\" class=\"elementor-element elementor-element-b154e8b e-con-full e-flex e-con e-child\" data-id=\"b154e8b\" data-element_type=\"container\" data-settings=\"{&quot;_ha_eqh_enable&quot;:false}\">\n\t\t\t\t<div class=\"elementor-element elementor-element-291675f elementor-widget elementor-widget-text-editor\" data-id=\"291675f\" data-element_type=\"widget\" data-widget_type=\"text-editor.default\">\n\t\t\t\t<div class=\"elementor-widget-container\">\n\t\t\t\t\t\t\t\t\t<p>Algunas investigaciones preliminares indican beneficios, como una reducci\u00f3n del tiempo para conciliar el sue\u00f1o y de los despertares nocturnos, aunque los resultados a\u00fan son inconclusos y dependen de m\u00e1s estudios controlados.<\/p>\t\t\t\t\t\t\t\t<\/div>\n\t\t\t\t<\/div>\n\t\t\t\t<\/div>\n\t\t\t\t\t<\/details>\n\t\t\t\t\t\t<details id=\"e-n-accordion-item-1011\" class=\"e-n-accordion-item\" >\n\t\t\t\t<summary class=\"e-n-accordion-item-title\" data-accordion-index=\"2\" tabindex=\"-1\" aria-expanded=\"false\" aria-controls=\"e-n-accordion-item-1011\" >\n\t\t\t\t\t<span class='e-n-accordion-item-title-header'><h3 class=\"e-n-accordion-item-title-text\"> \u00bfC\u00f3mo se compara la biorresonancia con el biofeedback o el neurofeedback para el insomnio? <\/h3><\/span>\n\t\t\t\t\t\t\t<span class='e-n-accordion-item-title-icon'>\n\t\t\t<span class='e-opened' ><i aria-hidden=\"true\" class=\"hm hm-angle-down\"><\/i><\/span>\n\t\t\t<span class='e-closed'><i aria-hidden=\"true\" class=\"hm hm-angle-right\"><\/i><\/span>\n\t\t<\/span>\n\n\t\t\t\t\t\t<\/summary>\n\t\t\t\t<div role=\"region\" aria-labelledby=\"e-n-accordion-item-1011\" class=\"elementor-element elementor-element-c61ba8b e-con-full e-flex e-con e-child\" data-id=\"c61ba8b\" data-element_type=\"container\" data-settings=\"{&quot;_ha_eqh_enable&quot;:false}\">\n\t\t\t\t<div class=\"elementor-element elementor-element-a33a229 elementor-widget elementor-widget-text-editor\" data-id=\"a33a229\" data-element_type=\"widget\" data-widget_type=\"text-editor.default\">\n\t\t\t\t<div class=\"elementor-widget-container\">\n\t\t\t\t\t\t\t\t\t<p>Tanto el biofeedback como el neurofeedback tienen evidencia cl\u00ednica limitada; la biorresonancia a\u00fan carece de estudios RCT s\u00f3lidos, pero todos tienen un potencial complementario a la terapia cognitivo-conductual.<\/p>\t\t\t\t\t\t\t\t<\/div>\n\t\t\t\t<\/div>\n\t\t\t\t<\/div>\n\t\t\t\t\t<\/details>\n\t\t\t\t\t\t<details id=\"e-n-accordion-item-1012\" class=\"e-n-accordion-item\" >\n\t\t\t\t<summary class=\"e-n-accordion-item-title\" data-accordion-index=\"3\" tabindex=\"-1\" aria-expanded=\"false\" aria-controls=\"e-n-accordion-item-1012\" >\n\t\t\t\t\t<span class='e-n-accordion-item-title-header'><h3 class=\"e-n-accordion-item-title-text\"> \u00bfExiste evidencia cient\u00edfica s\u00f3lida sobre la biorresonancia? <\/h3><\/span>\n\t\t\t\t\t\t\t<span class='e-n-accordion-item-title-icon'>\n\t\t\t<span class='e-opened' ><i aria-hidden=\"true\" class=\"hm hm-angle-down\"><\/i><\/span>\n\t\t\t<span class='e-closed'><i aria-hidden=\"true\" class=\"hm hm-angle-right\"><\/i><\/span>\n\t\t<\/span>\n\n\t\t\t\t\t\t<\/summary>\n\t\t\t\t<div role=\"region\" aria-labelledby=\"e-n-accordion-item-1012\" class=\"elementor-element elementor-element-416c6a4 e-con-full e-flex e-con e-child\" data-id=\"416c6a4\" data-element_type=\"container\" data-settings=\"{&quot;_ha_eqh_enable&quot;:false}\">\n\t\t\t\t<div class=\"elementor-element elementor-element-9e1214f elementor-widget elementor-widget-text-editor\" data-id=\"9e1214f\" data-element_type=\"widget\" data-widget_type=\"text-editor.default\">\n\t\t\t\t<div class=\"elementor-widget-container\">\n\t\t\t\t\t\t\t\t\t<p>Hasta el momento, faltan evidencias cient\u00edficas s\u00f3lidas: la mayor\u00eda de los estudios son observacionales o de peque\u00f1a escala, y algunos an\u00e1lisis la clasifican como pseudociencia.<\/p>\t\t\t\t\t\t\t\t<\/div>\n\t\t\t\t<\/div>\n\t\t\t\t<\/div>\n\t\t\t\t\t<\/details>\n\t\t\t\t\t\t<details id=\"e-n-accordion-item-1013\" class=\"e-n-accordion-item\" >\n\t\t\t\t<summary class=\"e-n-accordion-item-title\" data-accordion-index=\"4\" tabindex=\"-1\" aria-expanded=\"false\" aria-controls=\"e-n-accordion-item-1013\" >\n\t\t\t\t\t<span class='e-n-accordion-item-title-header'><h3 class=\"e-n-accordion-item-title-text\"> \u00bfLa biorresonancia tiene riesgos o efectos secundarios? <\/h3><\/span>\n\t\t\t\t\t\t\t<span class='e-n-accordion-item-title-icon'>\n\t\t\t<span class='e-opened' ><i aria-hidden=\"true\" class=\"hm hm-angle-down\"><\/i><\/span>\n\t\t\t<span class='e-closed'><i aria-hidden=\"true\" class=\"hm hm-angle-right\"><\/i><\/span>\n\t\t<\/span>\n\n\t\t\t\t\t\t<\/summary>\n\t\t\t\t<div role=\"region\" aria-labelledby=\"e-n-accordion-item-1013\" class=\"elementor-element elementor-element-f4f3665 e-con-full e-flex e-con e-child\" data-id=\"f4f3665\" data-element_type=\"container\" data-settings=\"{&quot;_ha_eqh_enable&quot;:false}\">\n\t\t\t\t<div class=\"elementor-element elementor-element-897a89c elementor-widget elementor-widget-text-editor\" data-id=\"897a89c\" data-element_type=\"widget\" data-widget_type=\"text-editor.default\">\n\t\t\t\t<div class=\"elementor-widget-container\">\n\t\t\t\t\t\t\t\t\t<p>El m\u00e9todo es generalmente seguro y no invasivo, pero debe ser evitado por personas con marcapasos o como sustituto de tratamientos m\u00e9dicos convencionales.<\/p>\t\t\t\t\t\t\t\t<\/div>\n\t\t\t\t<\/div>\n\t\t\t\t<\/div>\n\t\t\t\t\t<\/details>\n\t\t\t\t\t\t<details id=\"e-n-accordion-item-1014\" class=\"e-n-accordion-item\" >\n\t\t\t\t<summary class=\"e-n-accordion-item-title\" data-accordion-index=\"5\" tabindex=\"-1\" aria-expanded=\"false\" aria-controls=\"e-n-accordion-item-1014\" >\n\t\t\t\t\t<span class='e-n-accordion-item-title-header'><h3 class=\"e-n-accordion-item-title-text\"> \u00bfCu\u00e1ntas sesiones son necesarias para notar una mejora en el sue\u00f1o? <\/h3><\/span>\n\t\t\t\t\t\t\t<span class='e-n-accordion-item-title-icon'>\n\t\t\t<span class='e-opened' ><i aria-hidden=\"true\" class=\"hm hm-angle-down\"><\/i><\/span>\n\t\t\t<span class='e-closed'><i aria-hidden=\"true\" class=\"hm hm-angle-right\"><\/i><\/span>\n\t\t<\/span>\n\n\t\t\t\t\t\t<\/summary>\n\t\t\t\t<div role=\"region\" aria-labelledby=\"e-n-accordion-item-1014\" class=\"elementor-element elementor-element-2485e4b e-con-full e-flex e-con e-child\" data-id=\"2485e4b\" data-element_type=\"container\" data-settings=\"{&quot;_ha_eqh_enable&quot;:false}\">\n\t\t\t\t<div class=\"elementor-element elementor-element-a5a25c1 elementor-widget elementor-widget-text-editor\" data-id=\"a5a25c1\" data-element_type=\"widget\" data-widget_type=\"text-editor.default\">\n\t\t\t\t<div class=\"elementor-widget-container\">\n\t\t\t\t\t\t\t\t\t<p>Los informes cl\u00ednicos sugieren que los efectos sobre el sue\u00f1o y el estr\u00e9s pueden aparecer entre 4 y 8 sesiones, con sesiones semanales iniciales seguidas de mantenimiento.<\/p>\t\t\t\t\t\t\t\t<\/div>\n\t\t\t\t<\/div>\n\t\t\t\t<\/div>\n\t\t\t\t\t<\/details>\n\t\t\t\t\t\t<details id=\"e-n-accordion-item-1015\" class=\"e-n-accordion-item\" >\n\t\t\t\t<summary class=\"e-n-accordion-item-title\" data-accordion-index=\"6\" tabindex=\"-1\" aria-expanded=\"false\" aria-controls=\"e-n-accordion-item-1015\" >\n\t\t\t\t\t<span class='e-n-accordion-item-title-header'><h3 class=\"e-n-accordion-item-title-text\">  \u00bfPuede usarse junto con tratamientos tradicionales? <\/h3><\/span>\n\t\t\t\t\t\t\t<span class='e-n-accordion-item-title-icon'>\n\t\t\t<span class='e-opened' ><i aria-hidden=\"true\" class=\"hm hm-angle-down\"><\/i><\/span>\n\t\t\t<span class='e-closed'><i aria-hidden=\"true\" class=\"hm hm-angle-right\"><\/i><\/span>\n\t\t<\/span>\n\n\t\t\t\t\t\t<\/summary>\n\t\t\t\t<div role=\"region\" aria-labelledby=\"e-n-accordion-item-1015\" class=\"elementor-element elementor-element-6125e7c e-con-full e-flex e-con e-child\" data-id=\"6125e7c\" data-element_type=\"container\" data-settings=\"{&quot;_ha_eqh_enable&quot;:false}\">\n\t\t\t\t<div class=\"elementor-element elementor-element-3bee7ff elementor-widget elementor-widget-text-editor\" data-id=\"3bee7ff\" data-element_type=\"widget\" data-widget_type=\"text-editor.default\">\n\t\t\t\t<div class=\"elementor-widget-container\">\n\t\t\t\t\t\t\t\t\t<p>S\u00ed. La biorresonancia suele emplearse como terapia complementaria, sin interferir con los tratamientos m\u00e9dicos o psicoterap\u00e9uticos convencionales.<\/p>\t\t\t\t\t\t\t\t<\/div>\n\t\t\t\t<\/div>\n\t\t\t\t<\/div>\n\t\t\t\t\t<\/details>\n\t\t\t\t\t<\/div>\n\t\t\t\t\t<script type=\"application\/ld+json\">{\n    \"@context\": \"https:\\\/\\\/schema.org\",\n    \"@type\": \"FAQPage\",\n    \"mainEntity\": [\n        {\n            \"@type\": \"Question\",\n            \"name\": \"A biorresson\\u00e2ncia realmente melhora o sono?\",\n            \"acceptedAnswer\": {\n                \"@type\": \"Answer\",\n                \"text\": \"\"\n            }\n        },\n        {\n            \"@type\": \"Question\",\n            \"name\": \"Como a biorresson\\u00e2ncia se compara ao biofeedback ou neurofeedback para ins\\u00f4nia??\",\n            \"acceptedAnswer\": {\n                \"@type\": \"Answer\",\n                \"text\": \"\"\n            }\n        },\n        {\n            \"@type\": \"Question\",\n            \"name\": \"Existe comprova\\u00e7\\u00e3o cient\\u00edfica robusta da biorresson\\u00e2ncia?\",\n            \"acceptedAnswer\": {\n                \"@type\": \"Answer\",\n                \"text\": \"\"\n            }\n        },\n        {\n            \"@type\": \"Question\",\n            \"name\": \"A biorresson\\u00e2ncia tem riscos ou efeitos colaterais?\",\n            \"acceptedAnswer\": {\n                \"@type\": \"Answer\",\n                \"text\": \"\"\n            }\n        },\n        {\n            \"@type\": \"Question\",\n            \"name\": \"Quantas sess\\u00f5es s\\u00e3o necess\\u00e1rias para notar melhora no sono?\",\n            \"acceptedAnswer\": {\n                \"@type\": \"Answer\",\n                \"text\": \"\"\n            }\n        },\n        {\n            \"@type\": \"Question\",\n            \"name\": \"Pode ser usada em conjunto com tratamentos tradicionais?\",\n            \"acceptedAnswer\": {\n                \"@type\": \"Answer\",\n                \"text\": \"\"\n            }\n        }\n    ]\n}<\/script>\n\t\t\t\t\t\t\t<\/div>\n\t\t\t\t<\/div>\n\t\t<div class=\"elementor-element elementor-element-695bd4f e-con-full e-flex e-con e-child\" data-id=\"695bd4f\" data-element_type=\"container\" data-settings=\"{&quot;background_background&quot;:&quot;classic&quot;,&quot;_ha_eqh_enable&quot;:false}\">\n\t\t\t\t<div class=\"elementor-element elementor-element-7d0e26f elementor-widget elementor-widget-heading\" data-id=\"7d0e26f\" data-element_type=\"widget\" data-widget_type=\"heading.default\">\n\t\t\t\t<div class=\"elementor-widget-container\">\n\t\t\t\t\t<h4 class=\"elementor-heading-title elementor-size-default\">Referencias Cient\u00edficas<\/h4>\t\t\t\t<\/div>\n\t\t\t\t<\/div>\n\t\t\t\t<div class=\"elementor-element elementor-element-88453de ha-content--column ha-align--flex-start ha-icon--row elementor-widget elementor-widget-ha-feature-list happy-addon ha-feature-list happy-addon-pro\" data-id=\"88453de\" data-element_type=\"widget\" data-widget_type=\"ha-feature-list.default\">\n\t\t\t\t<div class=\"elementor-widget-container\">\n\t\t\t\t\t\n        <ul class=\"ha-feature-list-wrap\">\n                            <li class=\"ha-list-item\">\n                                            <a class=\"ha-content\" href=\"https:\/\/pubmed.ncbi.nlm.nih.gov\/31123938\/\" target=\"_blank\" rel=\"noopener\">\n                    \n\t\t\t\t\t\t                            <div class=\"ha-icon icon\">\n\t\t\t\t\t\t\t\t<i aria-hidden=\"true\" class=\"huge huge-link-04\"><\/i>                            <\/div>\n                        \n                        <div class=\"ha-text\">\n                            Biofeedback e ins\u00f4nia \u2013 revis\u00e3o sistem\u00e1tica que mostra evid\u00eancia conflitante, com redu\u00e7\u00e3o no tempo para dormir                        <\/div>\n\n                                        <\/a>\n                                    <\/li>\n                            <li class=\"ha-list-item\">\n                                            <a class=\"ha-content\" href=\"https:\/\/pubmed.ncbi.nlm.nih.gov\/35251330\/\" target=\"_blank\" rel=\"noopener\">\n                    \n\t\t\t\t\t\t                            <div class=\"ha-icon icon\">\n\t\t\t\t\t\t\t\t<i aria-hidden=\"true\" class=\"huge huge-link-04\"><\/i>                            <\/div>\n                        \n                        <div class=\"ha-text\">\n                            Bioresonance mild\/moderate disorders \u2013 estudo recente relata uso em depress\u00e3o com resultados promissores                        <\/div>\n\n                                        <\/a>\n                                    <\/li>\n                            <li class=\"ha-list-item\">\n                                            <a class=\"ha-content\" href=\"https:\/\/drks.de\/search\/en\/trial\/DRKS00009702\" target=\"_blank\" rel=\"noopener\">\n                    \n\t\t\t\t\t\t                            <div class=\"ha-icon icon\">\n\t\t\t\t\t\t\t\t<i aria-hidden=\"true\" class=\"huge huge-link-04\"><\/i>                            <\/div>\n                        \n                        <div class=\"ha-text\">\n                            Estudo randomizado controlado com placebo para ins\u00f4nia, avaliando qualidade do sono via PSQ                        <\/div>\n\n                                        <\/a>\n                                    <\/li>\n                    <\/ul>\n\n        \t\t\t\t<\/div>\n\t\t\t\t<\/div>\n\t\t\t\t<\/div>\n\t\t\t\t\t<\/div>\n\t\t\t\t<\/div>\n\t\t<div class=\"elementor-element elementor-element-21474d4 e-flex e-con-boxed e-con e-parent\" data-id=\"21474d4\" data-element_type=\"container\" data-settings=\"{&quot;_ha_eqh_enable&quot;:false}\">\n\t\t\t\t\t<div class=\"e-con-inner\">\n\t\t\t\t\t<\/div>\n\t\t\t\t<\/div>\n\t\t\t\t<\/div>","protected":false},"excerpt":{"rendered":"<p>Explora os mecanismos do sono (ciclos NREM e REM, ritmo circadiano) e os fatores que afetam sua qualidade. Mostra que a biorresson\u00e2ncia pode identificar e reequilibrar padr\u00f5es disfuncionais, melhorando dist\u00farbios como ins\u00f4nia, apneia e ansiedade noturna. Dispositivos como o Aquera System\u00ae ajudam na regula\u00e7\u00e3o do sono de forma n\u00e3o invasiva e sem efeitos colaterais.<\/p>","protected":false},"author":2,"featured_media":1638,"comment_status":"closed","ping_status":"open","sticky":false,"template":"","format":"standard","meta":{"_joinchat":[],"footnotes":""},"categories":[1],"tags":[29,34,33],"class_list":["post-1600","post","type-post","status-publish","format-standard","has-post-thumbnail","hentry","category-geral","tag-biorressonancia","tag-insonia","tag-sono"],"_links":{"self":[{"href":"https:\/\/www.spavitatech.com\/es\/wp-json\/wp\/v2\/posts\/1600","targetHints":{"allow":["GET"]}}],"collection":[{"href":"https:\/\/www.spavitatech.com\/es\/wp-json\/wp\/v2\/posts"}],"about":[{"href":"https:\/\/www.spavitatech.com\/es\/wp-json\/wp\/v2\/types\/post"}],"author":[{"embeddable":true,"href":"https:\/\/www.spavitatech.com\/es\/wp-json\/wp\/v2\/users\/2"}],"replies":[{"embeddable":true,"href":"https:\/\/www.spavitatech.com\/es\/wp-json\/wp\/v2\/comments?post=1600"}],"version-history":[{"count":3,"href":"https:\/\/www.spavitatech.com\/es\/wp-json\/wp\/v2\/posts\/1600\/revisions"}],"predecessor-version":[{"id":3485,"href":"https:\/\/www.spavitatech.com\/es\/wp-json\/wp\/v2\/posts\/1600\/revisions\/3485"}],"wp:featuredmedia":[{"embeddable":true,"href":"https:\/\/www.spavitatech.com\/es\/wp-json\/wp\/v2\/media\/1638"}],"wp:attachment":[{"href":"https:\/\/www.spavitatech.com\/es\/wp-json\/wp\/v2\/media?parent=1600"}],"wp:term":[{"taxonomy":"category","embeddable":true,"href":"https:\/\/www.spavitatech.com\/es\/wp-json\/wp\/v2\/categories?post=1600"},{"taxonomy":"post_tag","embeddable":true,"href":"https:\/\/www.spavitatech.com\/es\/wp-json\/wp\/v2\/tags?post=1600"}],"curies":[{"name":"wp","href":"https:\/\/api.w.org\/{rel}","templated":true}]}}