{"id":1627,"date":"2025-07-02T14:33:49","date_gmt":"2025-07-02T17:33:49","guid":{"rendered":"https:\/\/www.spavitatech.com\/?p=1627"},"modified":"2025-08-18T15:24:41","modified_gmt":"2025-08-18T18:24:41","slug":"o-que-sao-ondas","status":"publish","type":"post","link":"https:\/\/www.spavitatech.com\/es\/o-que-sao-ondas\/","title":{"rendered":"\u00bfQu\u00e9 Son las Ondas?"},"content":{"rendered":"<div data-elementor-type=\"wp-post\" data-elementor-id=\"1627\" class=\"elementor elementor-1627\" data-elementor-settings=\"{&quot;ha_cmc_init_switcher&quot;:&quot;no&quot;}\" data-elementor-post-type=\"post\">\n\t\t\t\t<div class=\"elementor-element elementor-element-9523fcf e-flex e-con-boxed e-con e-parent\" data-id=\"9523fcf\" data-element_type=\"container\" data-settings=\"{&quot;_ha_eqh_enable&quot;:false}\">\n\t\t\t\t\t<div class=\"e-con-inner\">\n\t\t\t\t<div class=\"elementor-element elementor-element-ae23e01 elementor-widget elementor-widget-heading\" data-id=\"ae23e01\" data-element_type=\"widget\" data-widget_type=\"heading.default\">\n\t\t\t\t<div class=\"elementor-widget-container\">\n\t\t\t\t\t<h2 class=\"elementor-heading-title elementor-size-default\">El Lenguaje Vibracional del Universo<\/h2>\t\t\t\t<\/div>\n\t\t\t\t<\/div>\n\t\t\t\t<div class=\"elementor-element elementor-element-0c0f3f6 elementor-widget elementor-widget-text-editor\" data-id=\"0c0f3f6\" data-element_type=\"widget\" data-widget_type=\"text-editor.default\">\n\t\t\t\t<div class=\"elementor-widget-container\">\n\t\t\t\t\t\t\t\t\t<p>El universo vibra. Todo lo que existe, desde el \u00e1tomo m\u00e1s peque\u00f1o hasta las galaxias m\u00e1s grandes, oscila en patrones invisibles que moldean nuestra realidad. Pero, \u00bfqu\u00e9 son realmente estas ondas? La f\u00edsica, la biolog\u00eda e incluso las tradiciones espirituales coinciden: las ondas son veh\u00edculos de energ\u00eda, comunicaci\u00f3n y transformaci\u00f3n. Este art\u00edculo se adentra en este fen\u00f3meno, explorando desde los fundamentos f\u00edsicos hasta los descubrimientos modernos en neurociencia y cosmolog\u00eda.<\/p>\t\t\t\t\t\t\t\t<\/div>\n\t\t\t\t<\/div>\n\t\t\t\t<div class=\"elementor-element elementor-element-d668c54 elementor-widget elementor-widget-heading\" data-id=\"d668c54\" data-element_type=\"widget\" data-widget_type=\"heading.default\">\n\t\t\t\t<div class=\"elementor-widget-container\">\n\t\t\t\t\t<h2 class=\"elementor-heading-title elementor-size-default\">Una Ola en el Estadio: El Ejemplo Cl\u00e1sico<\/h2>\t\t\t\t<\/div>\n\t\t\t\t<\/div>\n\t\t\t\t<div class=\"elementor-element elementor-element-d00e5ba elementor-widget elementor-widget-text-editor\" data-id=\"d00e5ba\" data-element_type=\"widget\" data-widget_type=\"text-editor.default\">\n\t\t\t\t<div class=\"elementor-widget-container\">\n\t\t\t\t\t\t\t\t\t<p>Un ejemplo sencillo y visual de una onda es la famosa \u201cola de la afici\u00f3n\u201d en los eventos deportivos. Grupos sucesivos de personas se levantan, levantan los brazos y se vuelven a sentar. Nadie cambia de lugar, pero la energ\u00eda del movimiento recorre todo el estadio, como una verdadera ola.<\/p><p>Este fen\u00f3meno muestra algo esencial: las ondas transportan energ\u00eda, no materia. El movimiento no requiere el desplazamiento f\u00edsico de los cuerpos: es la energ\u00eda la que se mueve, no las part\u00edculas.<\/p>\t\t\t\t\t\t\t\t<\/div>\n\t\t\t\t<\/div>\n\t\t\t\t<div class=\"elementor-element elementor-element-14543c1 elementor-widget elementor-widget-heading\" data-id=\"14543c1\" data-element_type=\"widget\" data-widget_type=\"heading.default\">\n\t\t\t\t<div class=\"elementor-widget-container\">\n\t\t\t\t\t<h2 class=\"elementor-heading-title elementor-size-default\">\u00bfQu\u00e9 es una Onda?<\/h2>\t\t\t\t<\/div>\n\t\t\t\t<\/div>\n\t\t\t\t<div class=\"elementor-element elementor-element-24912a5 elementor-widget elementor-widget-text-editor\" data-id=\"24912a5\" data-element_type=\"widget\" data-widget_type=\"text-editor.default\">\n\t\t\t\t<div class=\"elementor-widget-container\">\n\t\t\t\t\t\t\t\t\t<p>En t\u00e9rminos f\u00edsicos, una onda es una perturbaci\u00f3n que se propaga en el espacio y en el tiempo, transportando energ\u00eda sin transportar materia. Esta perturbaci\u00f3n puede ocurrir en l\u00edquidos, s\u00f3lidos, gases e incluso en el vac\u00edo, como es el caso de las ondas electromagn\u00e9ticas.<\/p><p>Las ondas se clasifican por propiedades como:<\/p><ul><li>Frecuencia: cu\u00e1ntas oscilaciones ocurren por segundo (medida en hercios, Hz);<\/li><li>Amplitud: la intensidad de la onda;<\/li><li>Longitud de onda: distancia entre dos picos consecutivos;<\/li><li>Velocidad de propagaci\u00f3n: depende del medio y del tipo de onda.<\/li><\/ul><p>Comprender estas propiedades es fundamental para entender c\u00f3mo los diferentes tipos de ondas afectan el mundo natural y nuestras propias experiencias perceptivas. Desde el sonido que escuchamos hasta la luz que vemos, todas son manifestaciones de la energ\u00eda vibracional en acci\u00f3n.<\/p>\t\t\t\t\t\t\t\t<\/div>\n\t\t\t\t<\/div>\n\t\t\t\t<div class=\"elementor-element elementor-element-0689020 elementor-widget elementor-widget-heading\" data-id=\"0689020\" data-element_type=\"widget\" data-widget_type=\"heading.default\">\n\t\t\t\t<div class=\"elementor-widget-container\">\n\t\t\t\t\t<h2 class=\"elementor-heading-title elementor-size-default\">Tipos de Ondas<\/h2>\t\t\t\t<\/div>\n\t\t\t\t<\/div>\n\t\t\t\t<div class=\"elementor-element elementor-element-7561076 elementor-widget elementor-widget-text-editor\" data-id=\"7561076\" data-element_type=\"widget\" data-widget_type=\"text-editor.default\">\n\t\t\t\t<div class=\"elementor-widget-container\">\n\t\t\t\t\t\t\t\t\t<p><strong>Ondas Mec\u00e2nicas<\/strong><\/p><p>Necesitan un medio f\u00edsico para propagarse. Ejemplos incluyen las ondas sonoras y las olas del mar. Se originan de la vibraci\u00f3n de part\u00edculas y se expanden transmitiendo energ\u00eda sin transportar masa. Las ondas sonoras, por ejemplo, se mueven mediante compresiones y rarefacciones de las mol\u00e9culas del aire.<\/p><p><strong>Ondas Electromagn\u00e9ticas<\/strong><\/p><p>No necesitan un medio. Viajan por el vac\u00edo a la velocidad de la luz (300.000 km\/s). Ejemplos incluyen la luz, las microondas, los rayos X y las ondas de radio. Son generadas por campos el\u00e9ctricos y magn\u00e9ticos oscilantes. Son esenciales para las tecnolog\u00edas modernas, como el internet inal\u00e1mbrico, las telecomunicaciones, la medicina por im\u00e1genes y mucho m\u00e1s.<\/p><p><strong>Ondas Gravitacionales<\/strong><\/p><p>Predichas por Einstein, son ondulaciones en el propio tejido del espacio-tiempo causadas por eventos c\u00f3smicos masivos, como las colisiones de agujeros negros. Detectadas por primera vez en 2015, confirmaron la relatividad general y abrieron nuevas ventanas para estudiar el universo. Su descubrimiento mereci\u00f3 el Premio Nobel de F\u00edsica en 2017, y su observaci\u00f3n se realiza con instrumentos altamente sensibles, como LIGO y VIRGO.<\/p><p class=\" translation-block\"><strong>Ondas de Materia<\/strong> (Dualidad)<\/p><p>A nivel cu\u00e1ntico, part\u00edculas como los electrones tambi\u00e9n exhiben un comportamiento ondulatorio. El famoso experimento de la \u201cdoble rendija\u201d demuestra que la materia puede interferir consigo misma como una onda. Este fen\u00f3meno desaf\u00eda la l\u00f3gica cl\u00e1sica e introduce el concepto de que la realidad es, en esencia, probabil\u00edstica y vibracional.<\/p>\t\t\t\t\t\t\t\t<\/div>\n\t\t\t\t<\/div>\n\t\t\t\t<div class=\"elementor-element elementor-element-b56c963 elementor-widget elementor-widget-heading\" data-id=\"b56c963\" data-element_type=\"widget\" data-widget_type=\"heading.default\">\n\t\t\t\t<div class=\"elementor-widget-container\">\n\t\t\t\t\t<h2 class=\"elementor-heading-title elementor-size-default\">Ondas Cerebrales: La Vibraci\u00f3n de la Conciencia<\/h2>\t\t\t\t<\/div>\n\t\t\t\t<\/div>\n\t\t\t\t<div class=\"elementor-element elementor-element-c77576f elementor-widget elementor-widget-text-editor\" data-id=\"c77576f\" data-element_type=\"widget\" data-widget_type=\"text-editor.default\">\n\t\t\t\t<div class=\"elementor-widget-container\">\n\t\t\t\t\t\t\t\t\t<p>Nuestro cerebro tambi\u00e9n vibra \u2014 literalmente. Las neuronas disparan impulsos el\u00e9ctricos que, al sincronizarse, generan ondas cerebrales medibles. Estos patrones oscilatorios son fundamentales para nuestro estado de conciencia y salud mental:<\/p><ul><li class=\" translation-block\"><strong>Delta (0,5\u20134 Hz)<\/strong>: sue\u00f1o profundo, regeneraci\u00f3n;<\/li><li class=\" translation-block\"><strong>Theta (4\u20138 Hz)<\/strong>: sue\u00f1os, creatividad, meditaci\u00f3n ligera;<\/li><li class=\" translation-block\"><strong>Alfa (8\u201312 Hz)<\/strong>: relajaci\u00f3n, introspecci\u00f3n, enfoque suave;<\/li><li class=\" translation-block\"><strong>Beta (13\u201330 Hz)<\/strong>: estado de alerta, l\u00f3gica, atenci\u00f3n;<\/li><li class=\" translation-block\"><strong>Gamma (30\u2013100+ Hz)<\/strong>: cognici\u00f3n elevada, integraci\u00f3n sensorial.<\/li><\/ul><p>Estas ondas son fundamentales para el funcionamiento del sistema nervioso y est\u00e1n asociadas a neurotransmisores espec\u00edficos, como la dopamina y la acetilcolina. Los desequilibrios en los patrones pueden generar trastornos como ansiedad, depresi\u00f3n, TDAH e insomnio.<\/p><p>Adem\u00e1s, estudios recientes del MIT han demostrado que diferentes capas de la corteza cerebral poseen patrones distintos de actividad oscilatoria. Las ondas gamma predominan en las capas superiores, mientras que alfa y beta son m\u00e1s comunes en las capas profundas, lo que indica una organizaci\u00f3n funcional refinada de la actividad cerebral.<\/p>\t\t\t\t\t\t\t\t<\/div>\n\t\t\t\t<\/div>\n\t\t\t\t<div class=\"elementor-element elementor-element-c1b6ad7 elementor-widget elementor-widget-heading\" data-id=\"c1b6ad7\" data-element_type=\"widget\" data-widget_type=\"heading.default\">\n\t\t\t\t<div class=\"elementor-widget-container\">\n\t\t\t\t\t<h2 class=\"elementor-heading-title elementor-size-default\">Ondas y Comunicaci\u00f3n Biof\u00edsica<\/h2>\t\t\t\t<\/div>\n\t\t\t\t<\/div>\n\t\t\t\t<div class=\"elementor-element elementor-element-828b652 elementor-widget elementor-widget-text-editor\" data-id=\"828b652\" data-element_type=\"widget\" data-widget_type=\"text-editor.default\">\n\t\t\t\t<div class=\"elementor-widget-container\">\n\t\t\t\t\t\t\t\t\t<p>La comunicaci\u00f3n en el cuerpo humano va m\u00e1s all\u00e1 de los impulsos el\u00e9ctricos y las hormonas. Las ondas \u2014especialmente las electromagn\u00e9ticas\u2014 conectan el cerebro con el coraz\u00f3n, regulan funciones aut\u00f3nomas y reflejan estados emocionales. Esta comunicaci\u00f3n vibracional es un puente entre lo f\u00edsico y lo sutil.<\/p><p>El campo electromagn\u00e9tico del coraz\u00f3n, por ejemplo, es el m\u00e1s fuerte del cuerpo humano y puede medirse hasta 1,5m alrededor del cuerpo. Hay estudios que sugieren una sincronizaci\u00f3n entre los latidos card\u00edacos y las ondas cerebrales durante momentos de conexi\u00f3n emocional profunda, como en la lactancia entre madre e hijo.<\/p><p>Esta intercomunicaci\u00f3n energ\u00e9tica tambi\u00e9n est\u00e1 influenciada por campos magn\u00e9ticos externos, como el de la Tierra, y puede verse afectada por tecnolog\u00edas artificiales.<\/p>\t\t\t\t\t\t\t\t<\/div>\n\t\t\t\t<\/div>\n\t\t\t\t<div class=\"elementor-element elementor-element-50e9797 elementor-widget elementor-widget-heading\" data-id=\"50e9797\" data-element_type=\"widget\" data-widget_type=\"heading.default\">\n\t\t\t\t<div class=\"elementor-widget-container\">\n\t\t\t\t\t<h2 class=\"elementor-heading-title elementor-size-default\">Resonancia y Cim\u00e1tica: El Lenguaje Oculto de las Formas<\/h2>\t\t\t\t<\/div>\n\t\t\t\t<\/div>\n\t\t\t\t<div class=\"elementor-element elementor-element-a245bd0 elementor-widget elementor-widget-text-editor\" data-id=\"a245bd0\" data-element_type=\"widget\" data-widget_type=\"text-editor.default\">\n\t\t\t\t<div class=\"elementor-widget-container\">\n\t\t\t\t\t\t\t\t\t<p><strong>Resonancia<\/strong><\/p><p>Cuando una frecuencia externa coincide con la frecuencia natural de un sistema, se produce una amplificaci\u00f3n. As\u00ed es como se rompen los vasos con el sonido, y tambi\u00e9n c\u00f3mo act\u00faan las terapias vibratorias en el cuerpo. En f\u00edsica, este fen\u00f3meno explica diversos procesos de interacci\u00f3n energ\u00e9tica, desde estructuras mec\u00e1nicas hasta comportamientos humanos en entornos sonoros.<\/p><p><strong>Cim\u00e1tica<\/strong><\/p><p>Ciencia que estudia los patrones formados por vibraciones. Al hacer vibrar arena sobre una placa, surgen mandalas visibles \u2014 prueba de que el sonido y la vibraci\u00f3n moldean la materia. Los experimentos de cim\u00e1tica muestran que diferentes frecuencias crean formas geom\u00e9tricas distintas, a menudo similares a estructuras encontradas en la naturaleza, como conchas, flores y galaxias.<\/p>\t\t\t\t\t\t\t\t<\/div>\n\t\t\t\t<\/div>\n\t\t\t\t<div class=\"elementor-element elementor-element-3369ef5 elementor-widget elementor-widget-heading\" data-id=\"3369ef5\" data-element_type=\"widget\" data-widget_type=\"heading.default\">\n\t\t\t\t<div class=\"elementor-widget-container\">\n\t\t\t\t\t<h2 class=\"elementor-heading-title elementor-size-default\">Curiosidades C\u00f3smicas: Ondas que Moldam o Universo<\/h2>\t\t\t\t<\/div>\n\t\t\t\t<\/div>\n\t\t\t\t<div class=\"elementor-element elementor-element-ef5eb9d elementor-widget elementor-widget-text-editor\" data-id=\"ef5eb9d\" data-element_type=\"widget\" data-widget_type=\"text-editor.default\">\n\t\t\t\t<div class=\"elementor-widget-container\">\n\t\t\t\t\t\t\t\t\t<p><strong>Ondas C\u00f3smicas<\/strong><\/p><p>Radiaci\u00f3n de fondo del universo, microondas, se\u00f1ales estelares: las ondas c\u00f3smicas transportan datos de la historia universal. La radiaci\u00f3n c\u00f3smica de fondo, por ejemplo, es el eco del Big Bang \u2014 una onda electromagn\u00e9tica presente en todo el universo, perceptible con instrumentos sensibles.<\/p><p><strong>Frecuencia de la Tierra: Resonancia Schumann (~7,83 Hz)<\/strong><\/p><p>Esta frecuencia se considera el \u201clatido de la Tierra\u201d y resuena con las ondas alfa humanas. Las alteraciones en ella pueden afectar el \u00e1nimo, la salud y el equilibrio. Algunos investigadores sugieren una correlaci\u00f3n entre cambios en la resonancia Schumann y comportamientos sociales a gran escala, como brotes de ansiedad y cambios de \u00e1nimo colectivo.<\/p>\t\t\t\t\t\t\t\t<\/div>\n\t\t\t\t<\/div>\n\t\t\t\t<div class=\"elementor-element elementor-element-58ebed5 elementor-widget elementor-widget-heading\" data-id=\"58ebed5\" data-element_type=\"widget\" data-widget_type=\"heading.default\">\n\t\t\t\t<div class=\"elementor-widget-container\">\n\t\t\t\t\t<h2 class=\"elementor-heading-title elementor-size-default\">Ondas No Naturales y Salud<\/h2>\t\t\t\t<\/div>\n\t\t\t\t<\/div>\n\t\t\t\t<div class=\"elementor-element elementor-element-60ecdce elementor-widget elementor-widget-text-editor\" data-id=\"60ecdce\" data-element_type=\"widget\" data-widget_type=\"text-editor.default\">\n\t\t\t\t<div class=\"elementor-widget-container\">\n\t\t\t\t\t\t\t\t\t<p class=\" translation-block\">Adem\u00e1s de las ondas naturales, existen formas artificiales de ondas, como las senoidales, cuadradas, triangulares y de diente de sierra. <strong>Las ondas senoidales son suaves y arm\u00f3nicas, semejantes a las ondas presentes en la naturaleza<\/strong>. En cambio, <strong>las ondas cuadradas y de diente de sierra son abruptas y comunes en dispositivos electr\u00f3nicos digitales<\/strong>. Las investigaciones indican que la exposici\u00f3n prolongada a estas formas de ondas artificiales puede interferir en la bioelectricidad del cuerpo humano, afectando los patrones de sue\u00f1o, la concentraci\u00f3n e incluso contribuyendo a trastornos neurol\u00f3gicos. Ondas artificiales (diente de sierra, bloque, triangulares) generadas por aparatos electr\u00f3nicos no est\u00e1n en armon\u00eda con los sistemas biol\u00f3gicos. Las investigaciones asocian su exposici\u00f3n constante a s\u00edntomas como insomnio, irritabilidad y d\u00e9ficit de atenci\u00f3n.<\/p><p>Los dispositivos electr\u00f3nicos modernos como tel\u00e9fonos m\u00f3viles, enrutadores Wi-Fi y computadoras emiten frecuencias que pueden interferir en las ondas naturales del cuerpo. Este ruido electromagn\u00e9tico, acumulado con el tiempo, tiene efectos a\u00fan poco comprendidos, pero ya genera preocupaciones sobre la contaminaci\u00f3n electromagn\u00e9tica y sus implicaciones en la salud p\u00fablica.<\/p>\t\t\t\t\t\t\t\t<\/div>\n\t\t\t\t<\/div>\n\t\t\t\t<div class=\"elementor-element elementor-element-ee77d91 elementor-widget elementor-widget-heading\" data-id=\"ee77d91\" data-element_type=\"widget\" data-widget_type=\"heading.default\">\n\t\t\t\t<div class=\"elementor-widget-container\">\n\t\t\t\t\t<h2 class=\"elementor-heading-title elementor-size-default\">Dualidad Onda-Part\u00edcula: La Naturaleza Paradojal de la Realidad<\/h2>\t\t\t\t<\/div>\n\t\t\t\t<\/div>\n\t\t\t\t<div class=\"elementor-element elementor-element-bb83bfd elementor-widget elementor-widget-text-editor\" data-id=\"bb83bfd\" data-element_type=\"widget\" data-widget_type=\"text-editor.default\">\n\t\t\t\t<div class=\"elementor-widget-container\">\n\t\t\t\t\t\t\t\t\t<p>En la f\u00edsica cu\u00e1ntica, part\u00edculas como electrones y fotones se comportan como ondas o part\u00edculas dependiendo de la observaci\u00f3n. Esto desaf\u00eda la l\u00f3gica cl\u00e1sica y redefine nuestra comprensi\u00f3n de la conciencia y la realidad.<\/p><p>La implicaci\u00f3n: todo lo que existe puede entenderse como una vibraci\u00f3n en diferentes niveles. El observador interfiere en la realidad medida \u2014 uno de los principios m\u00e1s intrigantes de la f\u00edsica moderna, con profundas implicaciones filos\u00f3ficas sobre el papel de la conciencia en el universo.<\/p>\t\t\t\t\t\t\t\t<\/div>\n\t\t\t\t<\/div>\n\t\t\t\t<div class=\"elementor-element elementor-element-3c3ec6b elementor-widget elementor-widget-heading\" data-id=\"3c3ec6b\" data-element_type=\"widget\" data-widget_type=\"heading.default\">\n\t\t\t\t<div class=\"elementor-widget-container\">\n\t\t\t\t\t<h2 class=\"elementor-heading-title elementor-size-default\">Estamos Hechos de Ondas<\/h2>\t\t\t\t<\/div>\n\t\t\t\t<\/div>\n\t\t\t\t<div class=\"elementor-element elementor-element-08bd0da elementor-widget elementor-widget-text-editor\" data-id=\"08bd0da\" data-element_type=\"widget\" data-widget_type=\"text-editor.default\">\n\t\t\t\t<div class=\"elementor-widget-container\">\n\t\t\t\t\t\t\t\t\t<p>La realidad tal como la conocemos \u2014 materia, emociones, pensamientos, luz, sonido \u2014 es una danza compleja de ondas. Comprender sus propiedades es comprender mejor el cuerpo, la mente y el universo.<\/p><p>La ciencia moderna empieza a confirmar lo que las antiguas tradiciones siempre dijeron: la vibraci\u00f3n es la base de la existencia. Y al afinar nuestras frecuencias internas, nos conectamos con algo mayor \u2014 el propio ritmo del cosmos.<\/p><p>\u00bfTienes curiosidad sobre c\u00f3mo las ondas impactan tu salud, emociones y percepci\u00f3n? Sigue explorando este universo invisible \u2014 que vibra en todo lo que eres.<\/p>\t\t\t\t\t\t\t\t<\/div>\n\t\t\t\t<\/div>\n\t\t\t\t<div class=\"elementor-element elementor-element-6a8c629 elementor-widget elementor-widget-n-accordion\" data-id=\"6a8c629\" data-element_type=\"widget\" data-settings=\"{&quot;default_state&quot;:&quot;expanded&quot;,&quot;max_items_expended&quot;:&quot;one&quot;,&quot;n_accordion_animation_duration&quot;:{&quot;unit&quot;:&quot;ms&quot;,&quot;size&quot;:400,&quot;sizes&quot;:[]}}\" data-widget_type=\"nested-accordion.default\">\n\t\t\t\t<div class=\"elementor-widget-container\">\n\t\t\t\t\t\t\t<div class=\"e-n-accordion\" aria-label=\"Accordion. Open links with Enter or Space, close with Escape, and navigate with Arrow Keys\">\n\t\t\t\t\t\t<details id=\"e-n-accordion-item-1110\" class=\"e-n-accordion-item\" open>\n\t\t\t\t<summary class=\"e-n-accordion-item-title\" data-accordion-index=\"1\" tabindex=\"0\" aria-expanded=\"true\" aria-controls=\"e-n-accordion-item-1110\" >\n\t\t\t\t\t<span class='e-n-accordion-item-title-header'><h3 class=\"e-n-accordion-item-title-text\"> \u00bfQu\u00e9 diferencia a las ondas mec\u00e1nicas de las electromagn\u00e9ticas? <\/h3><\/span>\n\t\t\t\t\t\t\t<span class='e-n-accordion-item-title-icon'>\n\t\t\t<span class='e-opened' ><i aria-hidden=\"true\" class=\"hm hm-angle-down\"><\/i><\/span>\n\t\t\t<span class='e-closed'><i aria-hidden=\"true\" class=\"hm hm-angle-right\"><\/i><\/span>\n\t\t<\/span>\n\n\t\t\t\t\t\t<\/summary>\n\t\t\t\t<div role=\"region\" aria-labelledby=\"e-n-accordion-item-1110\" class=\"elementor-element elementor-element-76019ec e-con-full e-flex e-con e-child\" data-id=\"76019ec\" data-element_type=\"container\" data-settings=\"{&quot;_ha_eqh_enable&quot;:false}\">\n\t\t\t\t<div class=\"elementor-element elementor-element-3b717a4 elementor-widget elementor-widget-text-editor\" data-id=\"3b717a4\" data-element_type=\"widget\" data-widget_type=\"text-editor.default\">\n\t\t\t\t<div class=\"elementor-widget-container\">\n\t\t\t\t\t\t\t\t\t<p>Las ondas mec\u00e1nicas necesitan un medio para propagarse, como el aire o el agua. Las ondas electromagn\u00e9ticas viajan en el vac\u00edo, como la luz y las ondas de radio.<\/p>\t\t\t\t\t\t\t\t<\/div>\n\t\t\t\t<\/div>\n\t\t\t\t<\/div>\n\t\t\t\t\t<\/details>\n\t\t\t\t\t\t<details id=\"e-n-accordion-item-1111\" class=\"e-n-accordion-item\" >\n\t\t\t\t<summary class=\"e-n-accordion-item-title\" data-accordion-index=\"2\" tabindex=\"-1\" aria-expanded=\"false\" aria-controls=\"e-n-accordion-item-1111\" >\n\t\t\t\t\t<span class='e-n-accordion-item-title-header'><h3 class=\"e-n-accordion-item-title-text\"> \u00bfLas ondas influyen en nuestro estado emocional? <\/h3><\/span>\n\t\t\t\t\t\t\t<span class='e-n-accordion-item-title-icon'>\n\t\t\t<span class='e-opened' ><i aria-hidden=\"true\" class=\"hm hm-angle-down\"><\/i><\/span>\n\t\t\t<span class='e-closed'><i aria-hidden=\"true\" class=\"hm hm-angle-right\"><\/i><\/span>\n\t\t<\/span>\n\n\t\t\t\t\t\t<\/summary>\n\t\t\t\t<div role=\"region\" aria-labelledby=\"e-n-accordion-item-1111\" class=\"elementor-element elementor-element-baf1dbe e-con-full e-flex e-con e-child\" data-id=\"baf1dbe\" data-element_type=\"container\" data-settings=\"{&quot;_ha_eqh_enable&quot;:false}\">\n\t\t\t\t<div class=\"elementor-element elementor-element-900a582 elementor-widget elementor-widget-text-editor\" data-id=\"900a582\" data-element_type=\"widget\" data-widget_type=\"text-editor.default\">\n\t\t\t\t<div class=\"elementor-widget-container\">\n\t\t\t\t\t\t\t\t\t<p>S\u00ed. Las ondas cerebrales se alteran con las emociones y est\u00edmulos externos. Los ambientes con vibraciones arm\u00f3nicas favorecen el bienestar y la claridad mental.<\/p>\t\t\t\t\t\t\t\t<\/div>\n\t\t\t\t<\/div>\n\t\t\t\t<\/div>\n\t\t\t\t\t<\/details>\n\t\t\t\t\t\t<details id=\"e-n-accordion-item-1112\" class=\"e-n-accordion-item\" >\n\t\t\t\t<summary class=\"e-n-accordion-item-title\" data-accordion-index=\"3\" tabindex=\"-1\" aria-expanded=\"false\" aria-controls=\"e-n-accordion-item-1112\" >\n\t\t\t\t\t<span class='e-n-accordion-item-title-header'><h3 class=\"e-n-accordion-item-title-text\"> \u00bfQu\u00e9 es la resonancia y c\u00f3mo nos afecta? <\/h3><\/span>\n\t\t\t\t\t\t\t<span class='e-n-accordion-item-title-icon'>\n\t\t\t<span class='e-opened' ><i aria-hidden=\"true\" class=\"hm hm-angle-down\"><\/i><\/span>\n\t\t\t<span class='e-closed'><i aria-hidden=\"true\" class=\"hm hm-angle-right\"><\/i><\/span>\n\t\t<\/span>\n\n\t\t\t\t\t\t<\/summary>\n\t\t\t\t<div role=\"region\" aria-labelledby=\"e-n-accordion-item-1112\" class=\"elementor-element elementor-element-0249d85 e-con-full e-flex e-con e-child\" data-id=\"0249d85\" data-element_type=\"container\" data-settings=\"{&quot;_ha_eqh_enable&quot;:false}\">\n\t\t\t\t<div class=\"elementor-element elementor-element-0afc513 elementor-widget elementor-widget-text-editor\" data-id=\"0afc513\" data-element_type=\"widget\" data-widget_type=\"text-editor.default\">\n\t\t\t\t<div class=\"elementor-widget-container\">\n\t\t\t\t\t\t\t\t\t<p>La resonancia ocurre cuando una frecuencia externa coincide con la natural de un sistema, amplificando efectos \u2014 como en el impacto de la m\u00fasica en el \u00e1nimo.<\/p>\t\t\t\t\t\t\t\t<\/div>\n\t\t\t\t<\/div>\n\t\t\t\t<\/div>\n\t\t\t\t\t<\/details>\n\t\t\t\t\t\t<details id=\"e-n-accordion-item-1113\" class=\"e-n-accordion-item\" >\n\t\t\t\t<summary class=\"e-n-accordion-item-title\" data-accordion-index=\"4\" tabindex=\"-1\" aria-expanded=\"false\" aria-controls=\"e-n-accordion-item-1113\" >\n\t\t\t\t\t<span class='e-n-accordion-item-title-header'><h3 class=\"e-n-accordion-item-title-text\"> \u00bfSon peligrosas las ondas de los celulares y el Wi-Fi? <\/h3><\/span>\n\t\t\t\t\t\t\t<span class='e-n-accordion-item-title-icon'>\n\t\t\t<span class='e-opened' ><i aria-hidden=\"true\" class=\"hm hm-angle-down\"><\/i><\/span>\n\t\t\t<span class='e-closed'><i aria-hidden=\"true\" class=\"hm hm-angle-right\"><\/i><\/span>\n\t\t<\/span>\n\n\t\t\t\t\t\t<\/summary>\n\t\t\t\t<div role=\"region\" aria-labelledby=\"e-n-accordion-item-1113\" class=\"elementor-element elementor-element-d8b6dfa e-con-full e-flex e-con e-child\" data-id=\"d8b6dfa\" data-element_type=\"container\" data-settings=\"{&quot;_ha_eqh_enable&quot;:false}\">\n\t\t\t\t<div class=\"elementor-element elementor-element-d0ab560 elementor-widget elementor-widget-text-editor\" data-id=\"d0ab560\" data-element_type=\"widget\" data-widget_type=\"text-editor.default\">\n\t\t\t\t<div class=\"elementor-widget-container\">\n\t\t\t\t\t\t\t\t\t<p>Todav\u00eda existe debate cient\u00edfico, pero la exposici\u00f3n constante a ondas artificiales puede interferir en los patrones naturales del cuerpo y afectar el sue\u00f1o y la concentraci\u00f3n.<\/p>\t\t\t\t\t\t\t\t<\/div>\n\t\t\t\t<\/div>\n\t\t\t\t<\/div>\n\t\t\t\t\t<\/details>\n\t\t\t\t\t\t<details id=\"e-n-accordion-item-1114\" class=\"e-n-accordion-item\" >\n\t\t\t\t<summary class=\"e-n-accordion-item-title\" data-accordion-index=\"5\" tabindex=\"-1\" aria-expanded=\"false\" aria-controls=\"e-n-accordion-item-1114\" >\n\t\t\t\t\t<span class='e-n-accordion-item-title-header'><h3 class=\"e-n-accordion-item-title-text\"> \u00bfPor qu\u00e9 se considera que el universo es vibracional? <\/h3><\/span>\n\t\t\t\t\t\t\t<span class='e-n-accordion-item-title-icon'>\n\t\t\t<span class='e-opened' ><i aria-hidden=\"true\" class=\"hm hm-angle-down\"><\/i><\/span>\n\t\t\t<span class='e-closed'><i aria-hidden=\"true\" class=\"hm hm-angle-right\"><\/i><\/span>\n\t\t<\/span>\n\n\t\t\t\t\t\t<\/summary>\n\t\t\t\t<div role=\"region\" aria-labelledby=\"e-n-accordion-item-1114\" class=\"elementor-element elementor-element-cd2ee38 e-con-full e-flex e-con e-child\" data-id=\"cd2ee38\" data-element_type=\"container\" data-settings=\"{&quot;_ha_eqh_enable&quot;:false}\">\n\t\t\t\t<div class=\"elementor-element elementor-element-9518e71 elementor-widget elementor-widget-text-editor\" data-id=\"9518e71\" data-element_type=\"widget\" data-widget_type=\"text-editor.default\">\n\t\t\t\t<div class=\"elementor-widget-container\">\n\t\t\t\t\t\t\t\t\t<p>Porque todo en el universo oscila: part\u00edculas, luz, materia. La f\u00edsica cu\u00e1ntica y la cosmolog\u00eda muestran que la base de todo es energ\u00eda vibrante.<\/p>\t\t\t\t\t\t\t\t<\/div>\n\t\t\t\t<\/div>\n\t\t\t\t<\/div>\n\t\t\t\t\t<\/details>\n\t\t\t\t\t\t<details id=\"e-n-accordion-item-1115\" class=\"e-n-accordion-item\" >\n\t\t\t\t<summary class=\"e-n-accordion-item-title\" data-accordion-index=\"6\" tabindex=\"-1\" aria-expanded=\"false\" aria-controls=\"e-n-accordion-item-1115\" >\n\t\t\t\t\t<span class='e-n-accordion-item-title-header'><h3 class=\"e-n-accordion-item-title-text\"> \u00bfQu\u00e9 es la resonancia Schumann? <\/h3><\/span>\n\t\t\t\t\t\t\t<span class='e-n-accordion-item-title-icon'>\n\t\t\t<span class='e-opened' ><i aria-hidden=\"true\" class=\"hm hm-angle-down\"><\/i><\/span>\n\t\t\t<span class='e-closed'><i aria-hidden=\"true\" class=\"hm hm-angle-right\"><\/i><\/span>\n\t\t<\/span>\n\n\t\t\t\t\t\t<\/summary>\n\t\t\t\t<div role=\"region\" aria-labelledby=\"e-n-accordion-item-1115\" class=\"elementor-element elementor-element-e7406f7 e-con-full e-flex e-con e-child\" data-id=\"e7406f7\" data-element_type=\"container\" data-settings=\"{&quot;_ha_eqh_enable&quot;:false}\">\n\t\t\t\t<div class=\"elementor-element elementor-element-a93ef9b elementor-widget elementor-widget-text-editor\" data-id=\"a93ef9b\" data-element_type=\"widget\" data-widget_type=\"text-editor.default\">\n\t\t\t\t<div class=\"elementor-widget-container\">\n\t\t\t\t\t\t\t\t\t<p>Es una vibraci\u00f3n natural de la Tierra (~7,83 Hz) que resuena con el cerebro humano. Los cambios en ella pueden influir en los estados mentales y fisiol\u00f3gicos.<\/p>\t\t\t\t\t\t\t\t<\/div>\n\t\t\t\t<\/div>\n\t\t\t\t<\/div>\n\t\t\t\t\t<\/details>\n\t\t\t\t\t\t<details id=\"e-n-accordion-item-1116\" class=\"e-n-accordion-item\" >\n\t\t\t\t<summary class=\"e-n-accordion-item-title\" data-accordion-index=\"7\" tabindex=\"-1\" aria-expanded=\"false\" aria-controls=\"e-n-accordion-item-1116\" >\n\t\t\t\t\t<span class='e-n-accordion-item-title-header'><h3 class=\"e-n-accordion-item-title-text\"> \u00bfExiste comprobaci\u00f3n de que las ondas moldean la materia? <\/h3><\/span>\n\t\t\t\t\t\t\t<span class='e-n-accordion-item-title-icon'>\n\t\t\t<span class='e-opened' ><i aria-hidden=\"true\" class=\"hm hm-angle-down\"><\/i><\/span>\n\t\t\t<span class='e-closed'><i aria-hidden=\"true\" class=\"hm hm-angle-right\"><\/i><\/span>\n\t\t<\/span>\n\n\t\t\t\t\t\t<\/summary>\n\t\t\t\t<div role=\"region\" aria-labelledby=\"e-n-accordion-item-1116\" class=\"elementor-element elementor-element-16d856b e-con-full e-flex e-con e-child\" data-id=\"16d856b\" data-element_type=\"container\" data-settings=\"{&quot;_ha_eqh_enable&quot;:false}\">\n\t\t\t\t<div class=\"elementor-element elementor-element-55c7a9d elementor-widget elementor-widget-text-editor\" data-id=\"55c7a9d\" data-element_type=\"widget\" data-widget_type=\"text-editor.default\">\n\t\t\t\t<div class=\"elementor-widget-container\">\n\t\t\t\t\t\t\t\t\t<p>S\u00ed. La cim\u00e1tica demuestra visualmente c\u00f3mo las frecuencias sonoras crean patrones geom\u00e9tricos en l\u00edquidos y s\u00f3lidos \u2014 como mandalas vibracionales.<\/p>\t\t\t\t\t\t\t\t<\/div>\n\t\t\t\t<\/div>\n\t\t\t\t<\/div>\n\t\t\t\t\t<\/details>\n\t\t\t\t\t<\/div>\n\t\t\t\t\t<script type=\"application\/ld+json\">{\n    \"@context\": \"https:\\\/\\\/schema.org\",\n    \"@type\": \"FAQPage\",\n    \"mainEntity\": [\n        {\n            \"@type\": \"Question\",\n            \"name\": \"O que diferencia ondas mec\\u00e2nicas de eletromagn\\u00e9ticas?\",\n            \"acceptedAnswer\": {\n                \"@type\": \"Answer\",\n                \"text\": \"\"\n            }\n        },\n        {\n            \"@type\": \"Question\",\n            \"name\": \"As ondas influenciam nosso estado emocional?\",\n            \"acceptedAnswer\": {\n                \"@type\": \"Answer\",\n                \"text\": \"\"\n            }\n        },\n        {\n            \"@type\": \"Question\",\n            \"name\": \"O que \\u00e9 resson\\u00e2ncia e como ela nos afeta?\",\n            \"acceptedAnswer\": {\n                \"@type\": \"Answer\",\n                \"text\": \"\"\n            }\n        },\n        {\n            \"@type\": \"Question\",\n            \"name\": \"Ondas de celulares e Wi-Fi s\\u00e3o perigosas?\",\n            \"acceptedAnswer\": {\n                \"@type\": \"Answer\",\n                \"text\": \"\"\n            }\n        },\n        {\n            \"@type\": \"Question\",\n            \"name\": \"Por que o universo \\u00e9 considerado vibracional?\",\n            \"acceptedAnswer\": {\n                \"@type\": \"Answer\",\n                \"text\": \"\"\n            }\n        },\n        {\n            \"@type\": \"Question\",\n            \"name\": \"O que \\u00e9 a frequ\\u00eancia Schumann?\",\n            \"acceptedAnswer\": {\n                \"@type\": \"Answer\",\n                \"text\": \"\"\n            }\n        },\n        {\n            \"@type\": \"Question\",\n            \"name\": \"Existe comprova\\u00e7\\u00e3o de que as ondas moldam a mat\\u00e9ria?\",\n            \"acceptedAnswer\": {\n                \"@type\": \"Answer\",\n                \"text\": \"\"\n            }\n        }\n    ]\n}<\/script>\n\t\t\t\t\t\t\t<\/div>\n\t\t\t\t<\/div>\n\t\t<div class=\"elementor-element elementor-element-032e76c e-con-full e-flex e-con e-child\" data-id=\"032e76c\" data-element_type=\"container\" data-settings=\"{&quot;background_background&quot;:&quot;classic&quot;,&quot;_ha_eqh_enable&quot;:false}\">\n\t\t\t\t<div class=\"elementor-element elementor-element-0bf992d elementor-widget elementor-widget-heading\" data-id=\"0bf992d\" data-element_type=\"widget\" data-widget_type=\"heading.default\">\n\t\t\t\t<div class=\"elementor-widget-container\">\n\t\t\t\t\t<h4 class=\"elementor-heading-title elementor-size-default\">Referencias Cient\u00edficas<\/h4>\t\t\t\t<\/div>\n\t\t\t\t<\/div>\n\t\t\t\t<div class=\"elementor-element elementor-element-0b23460 ha-content--column ha-align--flex-start ha-icon--row elementor-widget elementor-widget-ha-feature-list happy-addon ha-feature-list happy-addon-pro\" data-id=\"0b23460\" data-element_type=\"widget\" data-widget_type=\"ha-feature-list.default\">\n\t\t\t\t<div class=\"elementor-widget-container\">\n\t\t\t\t\t\n        <ul class=\"ha-feature-list-wrap\">\n                            <li class=\"ha-list-item\">\n                                            <a class=\"ha-content\" href=\"https:\/\/journals.aps.org\/prl\/abstract\/10.1103\/PhysRevLett.116.061102\" target=\"_blank\" rel=\"noopener\">\n                    \n\t\t\t\t\t\t                            <div class=\"ha-icon icon\">\n\t\t\t\t\t\t\t\t<i aria-hidden=\"true\" class=\"huge huge-link-04\"><\/i>                            <\/div>\n                        \n                        <div class=\"ha-text\">\n                            Detec\u00e7\u00e3o de Ondas Gravitacionais                        <\/div>\n\n                                        <\/a>\n                                    <\/li>\n                            <li class=\"ha-list-item\">\n                                            <a class=\"ha-content\" href=\"https:\/\/pubmed.ncbi.nlm.nih.gov\/40394813\/\" target=\"_blank\" rel=\"noopener\">\n                    \n\t\t\t\t\t\t                            <div class=\"ha-icon icon\">\n\t\t\t\t\t\t\t\t<i aria-hidden=\"true\" class=\"huge huge-link-04\"><\/i>                            <\/div>\n                        \n                        <div class=\"ha-text\">\n                            Resson\u00e2ncia Schumann e Sa\u00fade Humana                        <\/div>\n\n                                        <\/a>\n                                    <\/li>\n                            <li class=\"ha-list-item\">\n                                            <a class=\"ha-content\" href=\"https:\/\/pmc.ncbi.nlm.nih.gov\/articles\/PMC5716073\/\" target=\"_blank\" rel=\"noopener\">\n                    \n\t\t\t\t\t\t                            <div class=\"ha-icon icon\">\n\t\t\t\t\t\t\t\t<i aria-hidden=\"true\" class=\"huge huge-link-04\"><\/i>                            <\/div>\n                        \n                        <div class=\"ha-text\">\n                            Sincroniza\u00e7\u00e3o entre c\u00e9rebros humanos                        <\/div>\n\n                                        <\/a>\n                                    <\/li>\n                    <\/ul>\n\n        \t\t\t\t<\/div>\n\t\t\t\t<\/div>\n\t\t\t\t<\/div>\n\t\t\t\t\t<\/div>\n\t\t\t\t<\/div>\n\t\t<div class=\"elementor-element elementor-element-21474d4 e-flex e-con-boxed e-con e-parent\" data-id=\"21474d4\" data-element_type=\"container\" data-settings=\"{&quot;_ha_eqh_enable&quot;:false}\">\n\t\t\t\t\t<div class=\"e-con-inner\">\n\t\t\t\t\t<\/div>\n\t\t\t\t<\/div>\n\t\t\t\t<\/div>","protected":false},"excerpt":{"rendered":"<p>Descubre c\u00f3mo todo en el universo vibra \u2014 desde la luz hasta las emociones. Este art\u00edculo explora los tipos de ondas (mec\u00e1nicas, electromagn\u00e9ticas, gravitacionales y cerebrales), su influencia en la materia, la salud mental e incluso en la estructura del cosmos. Basado en la f\u00edsica moderna, la neurociencia y curiosidades c\u00f3smicas, comprender\u00e1s por qu\u00e9 somos, literalmente, hechos de frecuencia. Una lectura esencial para quienes buscan unir ciencia, energ\u00eda y conciencia vibracional.<\/p>","protected":false},"author":2,"featured_media":1729,"comment_status":"closed","ping_status":"open","sticky":false,"template":"","format":"standard","meta":{"_joinchat":[],"footnotes":""},"categories":[1],"tags":[41,40,27],"class_list":["post-1627","post","type-post","status-publish","format-standard","has-post-thumbnail","hentry","category-geral","tag-linguagem-vibracional","tag-ondas","tag-universo"],"_links":{"self":[{"href":"https:\/\/www.spavitatech.com\/es\/wp-json\/wp\/v2\/posts\/1627","targetHints":{"allow":["GET"]}}],"collection":[{"href":"https:\/\/www.spavitatech.com\/es\/wp-json\/wp\/v2\/posts"}],"about":[{"href":"https:\/\/www.spavitatech.com\/es\/wp-json\/wp\/v2\/types\/post"}],"author":[{"embeddable":true,"href":"https:\/\/www.spavitatech.com\/es\/wp-json\/wp\/v2\/users\/2"}],"replies":[{"embeddable":true,"href":"https:\/\/www.spavitatech.com\/es\/wp-json\/wp\/v2\/comments?post=1627"}],"version-history":[{"count":4,"href":"https:\/\/www.spavitatech.com\/es\/wp-json\/wp\/v2\/posts\/1627\/revisions"}],"predecessor-version":[{"id":2812,"href":"https:\/\/www.spavitatech.com\/es\/wp-json\/wp\/v2\/posts\/1627\/revisions\/2812"}],"wp:featuredmedia":[{"embeddable":true,"href":"https:\/\/www.spavitatech.com\/es\/wp-json\/wp\/v2\/media\/1729"}],"wp:attachment":[{"href":"https:\/\/www.spavitatech.com\/es\/wp-json\/wp\/v2\/media?parent=1627"}],"wp:term":[{"taxonomy":"category","embeddable":true,"href":"https:\/\/www.spavitatech.com\/es\/wp-json\/wp\/v2\/categories?post=1627"},{"taxonomy":"post_tag","embeddable":true,"href":"https:\/\/www.spavitatech.com\/es\/wp-json\/wp\/v2\/tags?post=1627"}],"curies":[{"name":"wp","href":"https:\/\/api.w.org\/{rel}","templated":true}]}}