{"id":1818,"date":"2025-07-04T15:47:43","date_gmt":"2025-07-04T18:47:43","guid":{"rendered":"https:\/\/www.spavitatech.com\/?p=1818"},"modified":"2025-08-12T12:34:06","modified_gmt":"2025-08-12T15:34:06","slug":"voz","status":"publish","type":"post","link":"https:\/\/www.spavitatech.com\/es\/voz\/","title":{"rendered":"Voz"},"content":{"rendered":"<div data-elementor-type=\"wp-post\" data-elementor-id=\"1818\" class=\"elementor elementor-1818\" data-elementor-settings=\"{&quot;ha_cmc_init_switcher&quot;:&quot;no&quot;}\" data-elementor-post-type=\"post\">\n\t\t\t\t<div class=\"elementor-element elementor-element-9523fcf e-flex e-con-boxed e-con e-parent\" data-id=\"9523fcf\" data-element_type=\"container\" data-settings=\"{&quot;_ha_eqh_enable&quot;:false}\">\n\t\t\t\t\t<div class=\"e-con-inner\">\n\t\t\t\t<div class=\"elementor-element elementor-element-d668c54 elementor-widget elementor-widget-heading\" data-id=\"d668c54\" data-element_type=\"widget\" data-widget_type=\"heading.default\">\n\t\t\t\t<div class=\"elementor-widget-container\">\n\t\t\t\t\t<h2 class=\"elementor-heading-title elementor-size-default\">La voz como clave para entender emociones, inmunidad y energ\u00eda personal<\/h2>\t\t\t\t<\/div>\n\t\t\t\t<\/div>\n\t\t\t\t<div class=\"elementor-element elementor-element-0c0f3f6 elementor-widget elementor-widget-text-editor\" data-id=\"0c0f3f6\" data-element_type=\"widget\" data-widget_type=\"text-editor.default\">\n\t\t\t\t<div class=\"elementor-widget-container\">\n\t\t\t\t\t\t\t\t\t<p class=\" translation-block\">\u00bfHas pensado alguna vez que tu cuerpo emite se\u00f1ales el\u00e9ctricas todo el tiempo? \u00bfQue funciona como una orquesta de frecuencias y que, cuando una nota se desafina, aparece la enfermedad? La Biorresonancia Cu\u00e1ntica propone justamente eso: una nueva mirada sobre la salud, donde todo es vibraci\u00f3n \u2014 y el reequilibrio puede ocurrir a partir de las frecuencias.\n\u201c<strong>Si quieres descubrir los secretos del universo, piensa en t\u00e9rminos de energ\u00eda, frecuencia y vibraci\u00f3n.<\/strong>\u201d \u2014 <em>Nikola Tesla<\/em><\/p>\t\t\t\t\t\t\t\t<\/div>\n\t\t\t\t<\/div>\n\t\t\t\t<div class=\"elementor-element elementor-element-5736b8c elementor-widget elementor-widget-heading\" data-id=\"5736b8c\" data-element_type=\"widget\" data-widget_type=\"heading.default\">\n\t\t\t\t<div class=\"elementor-widget-container\">\n\t\t\t\t\t<h2 class=\"elementor-heading-title elementor-size-default\">La Producci\u00f3n de la Voz: Donde Todo Comienza<\/h2>\t\t\t\t<\/div>\n\t\t\t\t<\/div>\n\t\t\t\t<div class=\"elementor-element elementor-element-d00e5ba elementor-widget elementor-widget-text-editor\" data-id=\"d00e5ba\" data-element_type=\"widget\" data-widget_type=\"text-editor.default\">\n\t\t\t\t<div class=\"elementor-widget-container\">\n\t\t\t\t\t\t\t\t\t<p>Hablar puede parecer simple, pero implica un sofisticado sistema integrado:<\/p><ul><li>Cerebro: coordina el lenguaje, el movimiento y la emoci\u00f3n.<\/li><li>Cuerdas vocales: vibran con el aire exhalado en la laringe.<\/li><li>Sistema respiratorio: proporciona la presi\u00f3n que genera la vibraci\u00f3n vocal.<\/li><li>Sistema linf\u00e1tico cervical: circula se\u00f1ales bioqu\u00edmicas e inmunol\u00f3gicas alrededor de la laringe.<\/li><\/ul><p>Estas vibraciones forman ondas sonoras con frecuencia, arm\u00f3nicos e intensidad \u00fanicos. Cada voz humana lleva una firma vibracional propia \u2014 una identidad bioenerg\u00e9tica que refleja el estado emocional, neurol\u00f3gico y fisiol\u00f3gico del individuo.<\/p>\t\t\t\t\t\t\t\t<\/div>\n\t\t\t\t<\/div>\n\t\t\t\t<div class=\"elementor-element elementor-element-14543c1 elementor-widget elementor-widget-heading\" data-id=\"14543c1\" data-element_type=\"widget\" data-widget_type=\"heading.default\">\n\t\t\t\t<div class=\"elementor-widget-container\">\n\t\t\t\t\t<h2 class=\"elementor-heading-title elementor-size-default\">Frecuencia, Vibraci\u00f3n y la Estructura de la Realidad Biol\u00f3gica<\/h2>\t\t\t\t<\/div>\n\t\t\t\t<\/div>\n\t\t\t\t<div class=\"elementor-element elementor-element-24912a5 elementor-widget elementor-widget-text-editor\" data-id=\"24912a5\" data-element_type=\"widget\" data-widget_type=\"text-editor.default\">\n\t\t\t\t<div class=\"elementor-widget-container\">\n\t\t\t\t\t\t\t\t\t<p>La idea de que \u201ctodo es vibraci\u00f3n\u201d no es solo una met\u00e1fora filos\u00f3fica. La f\u00edsica moderna, especialmente la cu\u00e1ntica, demuestra que la materia est\u00e1 compuesta por \u00e1tomos que, en su nivel m\u00e1s fundamental, se manifiestan como energ\u00eda vibracional.<\/p><p>Las emociones, pensamientos y estados internos influyen en esta vibraci\u00f3n. Emociones como la ansiedad, la ira o el miedo desorganizan el campo vibracional, mientras que sentimientos como el amor, la gratitud y la alegr\u00eda promueven la coherencia. Esta coherencia o desorganizaci\u00f3n puede percibirse a trav\u00e9s del an\u00e1lisis de la voz.<\/p>\t\t\t\t\t\t\t\t<\/div>\n\t\t\t\t<\/div>\n\t\t\t\t<div class=\"elementor-element elementor-element-a4a85e4 elementor-widget elementor-widget-heading\" data-id=\"a4a85e4\" data-element_type=\"widget\" data-widget_type=\"heading.default\">\n\t\t\t\t<div class=\"elementor-widget-container\">\n\t\t\t\t\t<h2 class=\"elementor-heading-title elementor-size-default\">La Voz Revela M\u00e1s que Palabras<\/h2>\t\t\t\t<\/div>\n\t\t\t\t<\/div>\n\t\t\t\t<div class=\"elementor-element elementor-element-8dbdcd5 elementor-widget elementor-widget-text-editor\" data-id=\"8dbdcd5\" data-element_type=\"widget\" data-widget_type=\"text-editor.default\">\n\t\t\t\t<div class=\"elementor-widget-container\">\n\t\t\t\t\t\t\t\t\t<p>La voz humana var\u00eda seg\u00fan el estado emocional y f\u00edsico:<\/p><ul><li>Estr\u00e9s o miedo: voz temblorosa, tensa, con pausas o interrupciones.<\/li><li>Tensi\u00f3n muscular: altera la intensidad y la resonancia.<\/li><li>Desequilibrios metab\u00f3licos: modifican el timbre y el ritmo.<\/li><\/ul><p>Adem\u00e1s, la estructura arm\u00f3nica de la voz \u2014 formada por arm\u00f3nicos \u2014 revela si el sistema interno est\u00e1 en coherencia vibracional o en desequilibrio. Esta informaci\u00f3n no es visible ni audible al o\u00eddo com\u00fan, pero puede ser captada por tecnolog\u00edas como Aquera.<\/p>\t\t\t\t\t\t\t\t<\/div>\n\t\t\t\t<\/div>\n\t\t\t\t<div class=\"elementor-element elementor-element-4b554e6 elementor-widget elementor-widget-heading\" data-id=\"4b554e6\" data-element_type=\"widget\" data-widget_type=\"heading.default\">\n\t\t\t\t<div class=\"elementor-widget-container\">\n\t\t\t\t\t<h2 class=\"elementor-heading-title elementor-size-default\">El Sistema Linf\u00e1tico: V\u00ednculo Entre la Voz, el Cerebro y la Inmunidad<\/h2>\t\t\t\t<\/div>\n\t\t\t\t<\/div>\n\t\t\t\t<div class=\"elementor-element elementor-element-b58ec7f elementor-widget elementor-widget-text-editor\" data-id=\"b58ec7f\" data-element_type=\"widget\" data-widget_type=\"text-editor.default\">\n\t\t\t\t<div class=\"elementor-widget-container\">\n\t\t\t\t\t\t\t\t\t<p>Tradicionalmente asociado a la eliminaci\u00f3n de toxinas y la defensa inmunol\u00f3gica, el sistema linf\u00e1tico tambi\u00e9n act\u00faa como un canal de comunicaci\u00f3n entre el cerebro y el cuerpo. En la regi\u00f3n del cuello, donde se encuentran las cuerdas vocales y los importantes ganglios linf\u00e1ticos cervicales, se produce un intenso intercambio de se\u00f1ales neuroqu\u00edmicas e inmunol\u00f3gicas.<\/p><p>Es precisamente en esta regi\u00f3n donde el an\u00e1lisis de frecuencias de la voz cobra relevancia: la voz capta variaciones frecuenciales vinculadas a oscilaciones informacionales que recorren el sistema linf\u00e1tico. As\u00ed, refleja de forma inconsciente el estado funcional del sistema cuerpo-mente.<\/p>\t\t\t\t\t\t\t\t<\/div>\n\t\t\t\t<\/div>\n\t\t\t\t<div class=\"elementor-element elementor-element-ad15b86 elementor-widget elementor-widget-heading\" data-id=\"ad15b86\" data-element_type=\"widget\" data-widget_type=\"heading.default\">\n\t\t\t\t<div class=\"elementor-widget-container\">\n\t\t\t\t\t<h2 class=\"elementor-heading-title elementor-size-default\">Aquera: Decodificando lo que Hay Detr\u00e1s de la Voz<\/h2>\t\t\t\t<\/div>\n\t\t\t\t<\/div>\n\t\t\t\t<div class=\"elementor-element elementor-element-b33cb90 elementor-widget elementor-widget-text-editor\" data-id=\"b33cb90\" data-element_type=\"widget\" data-widget_type=\"text-editor.default\">\n\t\t\t\t<div class=\"elementor-widget-container\">\n\t\t\t\t\t\t\t\t\t<p>Aquera es una tecnolog\u00eda que capta la voz y analiza sus patrones vibracionales. No se trata de interpretar palabras o frases, sino de decodificar la informaci\u00f3n energ\u00e9tica contenida en la frecuencia vocal. Este an\u00e1lisis permite identificar desviaciones de coherencia relacionadas con:<\/p><ul><li>Sobrecargas emocionales no expresadas<\/li><li>Desequilibrios funcionales y metab\u00f3licos<\/li><li>Se\u00f1ales sutiles del sistema inmunol\u00f3gico<\/li><\/ul><p>Importante destacar: Aquera no diagnostica ni trata enfermedades. Su objetivo es ofrecer un mapa vibracional que ayude al individuo en la b\u00fasqueda de equilibrio y autoconocimiento, potenciando de forma natural la autocuraci\u00f3n que ya poseemos.<\/p>\t\t\t\t\t\t\t\t<\/div>\n\t\t\t\t<\/div>\n\t\t\t\t<div class=\"elementor-element elementor-element-7e364b9 elementor-widget elementor-widget-heading\" data-id=\"7e364b9\" data-element_type=\"widget\" data-widget_type=\"heading.default\">\n\t\t\t\t<div class=\"elementor-widget-container\">\n\t\t\t\t\t<h2 class=\"elementor-heading-title elementor-size-default\">Frecuencia Personal: La Clave \u00danica de Cada Individuo<\/h2>\t\t\t\t<\/div>\n\t\t\t\t<\/div>\n\t\t\t\t<div class=\"elementor-element elementor-element-b20c49e elementor-widget elementor-widget-text-editor\" data-id=\"b20c49e\" data-element_type=\"widget\" data-widget_type=\"text-editor.default\">\n\t\t\t\t<div class=\"elementor-widget-container\">\n\t\t\t\t\t\t\t\t\t<p>Una de las caracter\u00edsticas m\u00e1s importantes de la tecnolog\u00eda Aquera es su capacidad para identificar la llamada frecuencia personal, tambi\u00e9n conocida como clave personal. Al igual que una huella digital, esta frecuencia es \u00fanica para cada persona.<\/p><p>Esto significa que, aunque existen patrones vibracionales asociados a estados como la ansiedad o el miedo, la forma en que estos estados se manifiestan en la frecuencia de cada individuo es \u00fanica. Es decir, no existe una se\u00f1al gen\u00e9rica: todo pasa por el filtro de la frecuencia personal.<\/p><p>La capacidad de Aquera para detectar esta clave individual es fundamental para interpretar correctamente las se\u00f1ales enviadas entre el cerebro, el sistema linf\u00e1tico y el sistema inmunol\u00f3gico. Sin esta personalizaci\u00f3n, los datos ser\u00edan imprecisos. Por eso, esta tecnolog\u00eda representa un avance en la lectura vibracional.<\/p>\t\t\t\t\t\t\t\t<\/div>\n\t\t\t\t<\/div>\n\t\t\t\t<div class=\"elementor-element elementor-element-e238ebc elementor-widget elementor-widget-heading\" data-id=\"e238ebc\" data-element_type=\"widget\" data-widget_type=\"heading.default\">\n\t\t\t\t<div class=\"elementor-widget-container\">\n\t\t\t\t\t<h2 class=\"elementor-heading-title elementor-size-default\">La Voz como Biomarcador Vibracional<\/h2>\t\t\t\t<\/div>\n\t\t\t\t<\/div>\n\t\t\t\t<div class=\"elementor-element elementor-element-7bdf1da elementor-widget elementor-widget-text-editor\" data-id=\"7bdf1da\" data-element_type=\"widget\" data-widget_type=\"text-editor.default\">\n\t\t\t\t<div class=\"elementor-widget-container\">\n\t\t\t\t\t\t\t\t\t<p>La voz nace en la intersecci\u00f3n de tres sistemas fundamentales:<\/p><p>Sistema neurol\u00f3gico: origina la orden del habla y regula las emociones<\/p><p>Sistema linf\u00e1tico: capta y transporta se\u00f1ales bioqu\u00edmicas.<\/p><p>Sistema inmunol\u00f3gico: reacciona a est\u00edmulos internos y externos, influenciado por frecuencias emocionales.<\/p><p>Esta integraci\u00f3n convierte la voz en un verdadero biomarcador frecuencial, reflejando lo que sentimos, pensamos y c\u00f3mo reacciona nuestro cuerpo. Al escuchar m\u00e1s all\u00e1 del contenido verbal, es posible captar se\u00f1ales antes invisibles.<\/p>\t\t\t\t\t\t\t\t<\/div>\n\t\t\t\t<\/div>\n\t\t\t\t<div class=\"elementor-element elementor-element-c03d12d elementor-widget elementor-widget-heading\" data-id=\"c03d12d\" data-element_type=\"widget\" data-widget_type=\"heading.default\">\n\t\t\t\t<div class=\"elementor-widget-container\">\n\t\t\t\t\t<h2 class=\"elementor-heading-title elementor-size-default\">Firmas Frecuenciales de las Emocione<\/h2>\t\t\t\t<\/div>\n\t\t\t\t<\/div>\n\t\t\t\t<div class=\"elementor-element elementor-element-be34de1 elementor-widget elementor-widget-text-editor\" data-id=\"be34de1\" data-element_type=\"widget\" data-widget_type=\"text-editor.default\">\n\t\t\t\t<div class=\"elementor-widget-container\">\n\t\t\t\t\t\t\t\t\t<p>Cada emoci\u00f3n humana tiene su propia vibraci\u00f3n. Aquera es capaz de identificar firmas de frecuencia asociadas a estados emocionales, como:<\/p><ul><li>Ansiedad: picos agudos, incoherencia arm\u00f3nica.<\/li><li>Tristeza: baja frecuencia, sonido amortiguado.<\/li><li>Ira: vibraci\u00f3n densa e inestable.<\/li><li>Gratitud: arm\u00f3nicos suaves y sim\u00e9tricos.<\/li><\/ul><p>Esta lectura permite monitorear patrones de desequilibrio y promover intervenciones m\u00e1s conscientes, incluso en momentos de crisis emocional, como ataques de p\u00e1nico o estados depresivos iniciales.<\/p>\t\t\t\t\t\t\t\t<\/div>\n\t\t\t\t<\/div>\n\t\t\t\t<div class=\"elementor-element elementor-element-c66582d elementor-widget elementor-widget-heading\" data-id=\"c66582d\" data-element_type=\"widget\" data-widget_type=\"heading.default\">\n\t\t\t\t<div class=\"elementor-widget-container\">\n\t\t\t\t\t<h2 class=\"elementor-heading-title elementor-size-default\">Emoci\u00f3n e Inmunidad: Un Di\u00e1logo Frecuencial<\/h2>\t\t\t\t<\/div>\n\t\t\t\t<\/div>\n\t\t\t\t<div class=\"elementor-element elementor-element-8f7bd24 elementor-widget elementor-widget-text-editor\" data-id=\"8f7bd24\" data-element_type=\"widget\" data-widget_type=\"text-editor.default\">\n\t\t\t\t<div class=\"elementor-widget-container\">\n\t\t\t\t\t\t\t\t\t<p>La psiconeuroinmunolog\u00eda muestra c\u00f3mo las emociones influyen directamente en el sistema inmunitario. Las emociones negativas cr\u00f3nicas reducen la eficacia de la respuesta inmunol\u00f3gica, dejando espacio para infecciones, enfermedades autoinmunes e inflamatorias.<\/p><p>Al identificar, a trav\u00e9s de la voz, estados emocionales recurrentes, es posible prevenir desequilibrios sist\u00e9micos. Aquera act\u00faa como un radar preventivo, detectando interferencias en el campo energ\u00e9tico antes de que se manifiesten f\u00edsicamente.<\/p>\t\t\t\t\t\t\t\t<\/div>\n\t\t\t\t<\/div>\n\t\t\t\t<div class=\"elementor-element elementor-element-3fade0a elementor-widget elementor-widget-heading\" data-id=\"3fade0a\" data-element_type=\"widget\" data-widget_type=\"heading.default\">\n\t\t\t\t<div class=\"elementor-widget-container\">\n\t\t\t\t\t<h2 class=\"elementor-heading-title elementor-size-default\">La Neurociencia del An\u00e1lisis Vocal<\/h2>\t\t\t\t<\/div>\n\t\t\t\t<\/div>\n\t\t\t\t<div class=\"elementor-element elementor-element-2650abb elementor-widget elementor-widget-text-editor\" data-id=\"2650abb\" data-element_type=\"widget\" data-widget_type=\"text-editor.default\">\n\t\t\t\t<div class=\"elementor-widget-container\">\n\t\t\t\t\t\t\t\t\t<p>Las investigaciones en neurociencia indican que la corteza auditiva y la corteza prefrontal est\u00e1n involucradas en la interpretaci\u00f3n de patrones sonoros complejos \u2014 como la voz humana. La voz activa \u00e1reas del cerebro relacionadas con la empat\u00eda, la memoria emocional y la regulaci\u00f3n aut\u00f3noma.<\/p><p>Esto refuerza la idea de que la vibraci\u00f3n vocal no es solo un sonido, sino una informaci\u00f3n que recorre el cuerpo y activa respuestas espec\u00edficas, tanto fisiol\u00f3gicas como emocionales.<\/p>\t\t\t\t\t\t\t\t<\/div>\n\t\t\t\t<\/div>\n\t\t\t\t<div class=\"elementor-element elementor-element-3daafb2 elementor-widget elementor-widget-heading\" data-id=\"3daafb2\" data-element_type=\"widget\" data-widget_type=\"heading.default\">\n\t\t\t\t<div class=\"elementor-widget-container\">\n\t\t\t\t\t<h2 class=\"elementor-heading-title elementor-size-default\">Aplicaciones Pr\u00e1cticas del An\u00e1lisis de Voz con Aquera<\/h2>\t\t\t\t<\/div>\n\t\t\t\t<\/div>\n\t\t\t\t<div class=\"elementor-element elementor-element-4dde859 elementor-widget elementor-widget-text-editor\" data-id=\"4dde859\" data-element_type=\"widget\" data-widget_type=\"text-editor.default\">\n\t\t\t\t<div class=\"elementor-widget-container\">\n\t\t\t\t\t\t\t\t\t<ul><li>Monitoreo emocional continuo<\/li><li>Seguimiento de estados vibracionales despu\u00e9s de terapias<\/li><li>Mapeo de patrones recurrentes en crisis de ansiedad<\/li><li>Complemento en terapias integrativas y psicolog\u00eda<\/li><li>Autoconocimiento vibracional y energ\u00e9tico<\/li><\/ul>\t\t\t\t\t\t\t\t<\/div>\n\t\t\t\t<\/div>\n\t\t\t\t<div class=\"elementor-element elementor-element-d71cb15 elementor-widget elementor-widget-heading\" data-id=\"d71cb15\" data-element_type=\"widget\" data-widget_type=\"heading.default\">\n\t\t\t\t<div class=\"elementor-widget-container\">\n\t\t\t\t\t<h2 class=\"elementor-heading-title elementor-size-default\">Casos Reales y Resultados Percibidos<\/h2>\t\t\t\t<\/div>\n\t\t\t\t<\/div>\n\t\t\t\t<div class=\"elementor-element elementor-element-c3e4192 elementor-widget elementor-widget-text-editor\" data-id=\"c3e4192\" data-element_type=\"widget\" data-widget_type=\"text-editor.default\">\n\t\t\t\t<div class=\"elementor-widget-container\">\n\t\t\t\t\t\t\t\t\t<p>Los pacientes que utilizan Aquera como herramienta complementaria suelen informar sensaciones de claridad emocional, alivio de tensiones y mayor conciencia de patrones emocionales y f\u00edsicos. Aunque algunas personas notan cambios inmediatamente despu\u00e9s de las primeras sesiones, los resultados m\u00e1s consistentes suelen aparecer tras varias semanas de pr\u00e1ctica regular.<\/p><p>Se recomienda el uso diario, idealmente dos veces al d\u00eda, en momentos de relajaci\u00f3n. Este uso continuo favorece la estabilizaci\u00f3n de las frecuencias y la restauraci\u00f3n gradual de la coherencia vibracional.<\/p><p>Aunque no sustituye a los tratamientos convencionales, el an\u00e1lisis de frecuencias de la voz con Aquera ofrece una perspectiva complementaria prometedora y profundamente integradora.<\/p>\t\t\t\t\t\t\t\t<\/div>\n\t\t\t\t<\/div>\n\t\t\t\t<div class=\"elementor-element elementor-element-4bd0ddf elementor-widget elementor-widget-text-editor\" data-id=\"4bd0ddf\" data-element_type=\"widget\" data-widget_type=\"text-editor.default\">\n\t\t\t\t<div class=\"elementor-widget-container\">\n\t\t\t\t\t\t\t\t\t<p>La voz, como manifestaci\u00f3n sonora del ser, guarda informaci\u00f3n valiosa sobre nuestra salud emocional, mental y fisiol\u00f3gica. A trav\u00e9s del an\u00e1lisis de frecuencias de la voz, tecnolog\u00edas como Aquera nos permiten acceder a esta informaci\u00f3n de manera no invasiva, objetiva y profunda.<\/p><p>M\u00e1s que una tendencia, este enfoque representa un nuevo paradigma en la comprensi\u00f3n de la salud: donde la emoci\u00f3n influye en la inmunidad y la vibraci\u00f3n revela lo invisible.<\/p><p><strong>Tu voz lleva una historia. \u00bfEst\u00e1s escuchando lo que tiene que decir sobre ti?<\/strong><\/p>\t\t\t\t\t\t\t\t<\/div>\n\t\t\t\t<\/div>\n\t\t\t\t<div class=\"elementor-element elementor-element-d350a52 elementor-widget elementor-widget-n-accordion\" data-id=\"d350a52\" data-element_type=\"widget\" data-settings=\"{&quot;default_state&quot;:&quot;expanded&quot;,&quot;max_items_expended&quot;:&quot;one&quot;,&quot;n_accordion_animation_duration&quot;:{&quot;unit&quot;:&quot;ms&quot;,&quot;size&quot;:400,&quot;sizes&quot;:[]}}\" data-widget_type=\"nested-accordion.default\">\n\t\t\t\t<div class=\"elementor-widget-container\">\n\t\t\t\t\t\t\t<div class=\"e-n-accordion\" aria-label=\"Accordion. Open links with Enter or Space, close with Escape, and navigate with Arrow Keys\">\n\t\t\t\t\t\t<details id=\"e-n-accordion-item-2210\" class=\"e-n-accordion-item\" open>\n\t\t\t\t<summary class=\"e-n-accordion-item-title\" data-accordion-index=\"1\" tabindex=\"0\" aria-expanded=\"true\" aria-controls=\"e-n-accordion-item-2210\" >\n\t\t\t\t\t<span class='e-n-accordion-item-title-header'><h3 class=\"e-n-accordion-item-title-text\"> \u00bfQu\u00e9 es la frecuencia personal y por qu\u00e9 es importante en el an\u00e1lisis de la voz? <\/h3><\/span>\n\t\t\t\t\t\t\t<span class='e-n-accordion-item-title-icon'>\n\t\t\t<span class='e-opened' ><i aria-hidden=\"true\" class=\"hm hm-angle-down\"><\/i><\/span>\n\t\t\t<span class='e-closed'><i aria-hidden=\"true\" class=\"hm hm-angle-right\"><\/i><\/span>\n\t\t<\/span>\n\n\t\t\t\t\t\t<\/summary>\n\t\t\t\t<div role=\"region\" aria-labelledby=\"e-n-accordion-item-2210\" class=\"elementor-element elementor-element-0d6b1db e-con-full e-flex e-con e-child\" data-id=\"0d6b1db\" data-element_type=\"container\" data-settings=\"{&quot;_ha_eqh_enable&quot;:false}\">\n\t\t\t\t<div class=\"elementor-element elementor-element-5d3fe90 elementor-widget elementor-widget-text-editor\" data-id=\"5d3fe90\" data-element_type=\"widget\" data-widget_type=\"text-editor.default\">\n\t\t\t\t<div class=\"elementor-widget-container\">\n\t\t\t\t\t\t\t\t\t<p>Es la firma vibracional \u00fanica de cada persona. Aquera utiliza esta frecuencia como una \u201cclave personal\u201d para decodificar correctamente las se\u00f1ales emocionales y fisiol\u00f3gicas.<\/p>\t\t\t\t\t\t\t\t<\/div>\n\t\t\t\t<\/div>\n\t\t\t\t<\/div>\n\t\t\t\t\t<\/details>\n\t\t\t\t\t\t<details id=\"e-n-accordion-item-2211\" class=\"e-n-accordion-item\" >\n\t\t\t\t<summary class=\"e-n-accordion-item-title\" data-accordion-index=\"2\" tabindex=\"-1\" aria-expanded=\"false\" aria-controls=\"e-n-accordion-item-2211\" >\n\t\t\t\t\t<span class='e-n-accordion-item-title-header'><h3 class=\"e-n-accordion-item-title-text\"> \u00bfC\u00f3mo puede la voz reflejar el estado del sistema inmunol\u00f3gico? <\/h3><\/span>\n\t\t\t\t\t\t\t<span class='e-n-accordion-item-title-icon'>\n\t\t\t<span class='e-opened' ><i aria-hidden=\"true\" class=\"hm hm-angle-down\"><\/i><\/span>\n\t\t\t<span class='e-closed'><i aria-hidden=\"true\" class=\"hm hm-angle-right\"><\/i><\/span>\n\t\t<\/span>\n\n\t\t\t\t\t\t<\/summary>\n\t\t\t\t<div role=\"region\" aria-labelledby=\"e-n-accordion-item-2211\" class=\"elementor-element elementor-element-ca41ff3 e-con-full e-flex e-con e-child\" data-id=\"ca41ff3\" data-element_type=\"container\" data-settings=\"{&quot;_ha_eqh_enable&quot;:false}\">\n\t\t\t\t<div class=\"elementor-element elementor-element-d7db508 elementor-widget elementor-widget-text-editor\" data-id=\"d7db508\" data-element_type=\"widget\" data-widget_type=\"text-editor.default\">\n\t\t\t\t<div class=\"elementor-widget-container\">\n\t\t\t\t\t\t\t\t\t<p>La voz transporta las se\u00f1ales vibratorias del cuerpo. Al pasar por la regi\u00f3n linf\u00e1tica cervical, capta oscilaciones relacionadas con la inmunidad y el equilibrio interno.<\/p>\t\t\t\t\t\t\t\t<\/div>\n\t\t\t\t<\/div>\n\t\t\t\t<\/div>\n\t\t\t\t\t<\/details>\n\t\t\t\t\t\t<details id=\"e-n-accordion-item-2212\" class=\"e-n-accordion-item\" >\n\t\t\t\t<summary class=\"e-n-accordion-item-title\" data-accordion-index=\"3\" tabindex=\"-1\" aria-expanded=\"false\" aria-controls=\"e-n-accordion-item-2212\" >\n\t\t\t\t\t<span class='e-n-accordion-item-title-header'><h3 class=\"e-n-accordion-item-title-text\"> \u00bfCu\u00e1l es la relaci\u00f3n entre emociones como la ansiedad y la vibraci\u00f3n de la voz? <\/h3><\/span>\n\t\t\t\t\t\t\t<span class='e-n-accordion-item-title-icon'>\n\t\t\t<span class='e-opened' ><i aria-hidden=\"true\" class=\"hm hm-angle-down\"><\/i><\/span>\n\t\t\t<span class='e-closed'><i aria-hidden=\"true\" class=\"hm hm-angle-right\"><\/i><\/span>\n\t\t<\/span>\n\n\t\t\t\t\t\t<\/summary>\n\t\t\t\t<div role=\"region\" aria-labelledby=\"e-n-accordion-item-2212\" class=\"elementor-element elementor-element-4f16f6a e-con-full e-flex e-con e-child\" data-id=\"4f16f6a\" data-element_type=\"container\" data-settings=\"{&quot;_ha_eqh_enable&quot;:false}\">\n\t\t\t\t<div class=\"elementor-element elementor-element-9d6d7a0 elementor-widget elementor-widget-text-editor\" data-id=\"9d6d7a0\" data-element_type=\"widget\" data-widget_type=\"text-editor.default\">\n\t\t\t\t<div class=\"elementor-widget-container\">\n\t\t\t\t\t\t\t\t\t<p>Las emociones modifican la frecuencia y los arm\u00f3nicos de la voz. La ansiedad, por ejemplo, genera picos agudos y patrones irregulares detectables por Aquera.<\/p>\t\t\t\t\t\t\t\t<\/div>\n\t\t\t\t<\/div>\n\t\t\t\t<\/div>\n\t\t\t\t\t<\/details>\n\t\t\t\t\t\t<details id=\"e-n-accordion-item-2213\" class=\"e-n-accordion-item\" >\n\t\t\t\t<summary class=\"e-n-accordion-item-title\" data-accordion-index=\"4\" tabindex=\"-1\" aria-expanded=\"false\" aria-controls=\"e-n-accordion-item-2213\" >\n\t\t\t\t\t<span class='e-n-accordion-item-title-header'><h3 class=\"e-n-accordion-item-title-text\"> \u00bfSustituye Aquera los tratamientos m\u00e9dicos tradicionales? <\/h3><\/span>\n\t\t\t\t\t\t\t<span class='e-n-accordion-item-title-icon'>\n\t\t\t<span class='e-opened' ><i aria-hidden=\"true\" class=\"hm hm-angle-down\"><\/i><\/span>\n\t\t\t<span class='e-closed'><i aria-hidden=\"true\" class=\"hm hm-angle-right\"><\/i><\/span>\n\t\t<\/span>\n\n\t\t\t\t\t\t<\/summary>\n\t\t\t\t<div role=\"region\" aria-labelledby=\"e-n-accordion-item-2213\" class=\"elementor-element elementor-element-efc8607 e-con-full e-flex e-con e-child\" data-id=\"efc8607\" data-element_type=\"container\" data-settings=\"{&quot;_ha_eqh_enable&quot;:false}\">\n\t\t\t\t<div class=\"elementor-element elementor-element-1bdc7cd elementor-widget elementor-widget-text-editor\" data-id=\"1bdc7cd\" data-element_type=\"widget\" data-widget_type=\"text-editor.default\">\n\t\t\t\t<div class=\"elementor-widget-container\">\n\t\t\t\t\t\t\t\t\t<p>No. Aquera no diagnostica ni trata enfermedades. Ofrece una lectura vibracional complementaria orientada al autoconocimiento y la prevenci\u00f3n.<\/p>\t\t\t\t\t\t\t\t<\/div>\n\t\t\t\t<\/div>\n\t\t\t\t<\/div>\n\t\t\t\t\t<\/details>\n\t\t\t\t\t\t<details id=\"e-n-accordion-item-2214\" class=\"e-n-accordion-item\" >\n\t\t\t\t<summary class=\"e-n-accordion-item-title\" data-accordion-index=\"5\" tabindex=\"-1\" aria-expanded=\"false\" aria-controls=\"e-n-accordion-item-2214\" >\n\t\t\t\t\t<span class='e-n-accordion-item-title-header'><h3 class=\"e-n-accordion-item-title-text\"> \u00bfCon qu\u00e9 frecuencia debo usar Aquera para obtener resultados consistentes? <\/h3><\/span>\n\t\t\t\t\t\t\t<span class='e-n-accordion-item-title-icon'>\n\t\t\t<span class='e-opened' ><i aria-hidden=\"true\" class=\"hm hm-angle-down\"><\/i><\/span>\n\t\t\t<span class='e-closed'><i aria-hidden=\"true\" class=\"hm hm-angle-right\"><\/i><\/span>\n\t\t<\/span>\n\n\t\t\t\t\t\t<\/summary>\n\t\t\t\t<div role=\"region\" aria-labelledby=\"e-n-accordion-item-2214\" class=\"elementor-element elementor-element-c3bc9a6 e-con-full e-flex e-con e-child\" data-id=\"c3bc9a6\" data-element_type=\"container\" data-settings=\"{&quot;_ha_eqh_enable&quot;:false}\">\n\t\t\t\t<div class=\"elementor-element elementor-element-01ed55b elementor-widget elementor-widget-text-editor\" data-id=\"01ed55b\" data-element_type=\"widget\" data-widget_type=\"text-editor.default\">\n\t\t\t\t<div class=\"elementor-widget-container\">\n\t\t\t\t\t\t\t\t\t<p>Lo ideal es usar Aquera a diario, al menos dos veces al d\u00eda o en momentos de relajaci\u00f3n, para estabilizar los patrones vibracionales.<\/p>\t\t\t\t\t\t\t\t<\/div>\n\t\t\t\t<\/div>\n\t\t\t\t<\/div>\n\t\t\t\t\t<\/details>\n\t\t\t\t\t\t<details id=\"e-n-accordion-item-2215\" class=\"e-n-accordion-item\" >\n\t\t\t\t<summary class=\"e-n-accordion-item-title\" data-accordion-index=\"6\" tabindex=\"-1\" aria-expanded=\"false\" aria-controls=\"e-n-accordion-item-2215\" >\n\t\t\t\t\t<span class='e-n-accordion-item-title-header'><h3 class=\"e-n-accordion-item-title-text\"> \u00bfEs posible detectar desequilibrios incluso antes de que aparezcan los s\u00edntomas f\u00edsicos? <\/h3><\/span>\n\t\t\t\t\t\t\t<span class='e-n-accordion-item-title-icon'>\n\t\t\t<span class='e-opened' ><i aria-hidden=\"true\" class=\"hm hm-angle-down\"><\/i><\/span>\n\t\t\t<span class='e-closed'><i aria-hidden=\"true\" class=\"hm hm-angle-right\"><\/i><\/span>\n\t\t<\/span>\n\n\t\t\t\t\t\t<\/summary>\n\t\t\t\t<div role=\"region\" aria-labelledby=\"e-n-accordion-item-2215\" class=\"elementor-element elementor-element-9dd75ab e-con-full e-flex e-con e-child\" data-id=\"9dd75ab\" data-element_type=\"container\" data-settings=\"{&quot;_ha_eqh_enable&quot;:false}\">\n\t\t\t\t<div class=\"elementor-element elementor-element-c674ccb elementor-widget elementor-widget-text-editor\" data-id=\"c674ccb\" data-element_type=\"widget\" data-widget_type=\"text-editor.default\">\n\t\t\t\t<div class=\"elementor-widget-container\">\n\t\t\t\t\t\t\t\t\t<p>S\u00ed. El an\u00e1lisis de la voz puede revelar incoherencias energ\u00e9ticas sutiles antes de que el cuerpo manifieste s\u00edntomas f\u00edsicos perceptibles.<\/p>\t\t\t\t\t\t\t\t<\/div>\n\t\t\t\t<\/div>\n\t\t\t\t<\/div>\n\t\t\t\t\t<\/details>\n\t\t\t\t\t\t<details id=\"e-n-accordion-item-2216\" class=\"e-n-accordion-item\" >\n\t\t\t\t<summary class=\"e-n-accordion-item-title\" data-accordion-index=\"7\" tabindex=\"-1\" aria-expanded=\"false\" aria-controls=\"e-n-accordion-item-2216\" >\n\t\t\t\t\t<span class='e-n-accordion-item-title-header'><h3 class=\"e-n-accordion-item-title-text\"> \u00bfPor qu\u00e9 el an\u00e1lisis de la voz es m\u00e1s preciso cuando considera la clave personal? <\/h3><\/span>\n\t\t\t\t\t\t\t<span class='e-n-accordion-item-title-icon'>\n\t\t\t<span class='e-opened' ><i aria-hidden=\"true\" class=\"hm hm-angle-down\"><\/i><\/span>\n\t\t\t<span class='e-closed'><i aria-hidden=\"true\" class=\"hm hm-angle-right\"><\/i><\/span>\n\t\t<\/span>\n\n\t\t\t\t\t\t<\/summary>\n\t\t\t\t<div role=\"region\" aria-labelledby=\"e-n-accordion-item-2216\" class=\"elementor-element elementor-element-fb9e214 e-con-full e-flex e-con e-child\" data-id=\"fb9e214\" data-element_type=\"container\" data-settings=\"{&quot;_ha_eqh_enable&quot;:false}\">\n\t\t\t\t<div class=\"elementor-element elementor-element-cdecefe elementor-widget elementor-widget-text-editor\" data-id=\"cdecefe\" data-element_type=\"widget\" data-widget_type=\"text-editor.default\">\n\t\t\t\t<div class=\"elementor-widget-container\">\n\t\t\t\t\t\t\t\t\t<p>Porque cada organismo responde de manera \u00fanica. La \u201cclave personal\u201d permite que Aquera lea las se\u00f1ales dentro del contexto vibracional exclusivo de cada individuo.<\/p>\t\t\t\t\t\t\t\t<\/div>\n\t\t\t\t<\/div>\n\t\t\t\t<\/div>\n\t\t\t\t\t<\/details>\n\t\t\t\t\t<\/div>\n\t\t\t\t\t<script type=\"application\/ld+json\">{\n    \"@context\": \"https:\\\/\\\/schema.org\",\n    \"@type\": \"FAQPage\",\n    \"mainEntity\": [\n        {\n            \"@type\": \"Question\",\n            \"name\": \"O que \\u00e9 frequ\\u00eancia pessoal e por que ela \\u00e9 importante na an\\u00e1lise da voz?\",\n            \"acceptedAnswer\": {\n                \"@type\": \"Answer\",\n                \"text\": \"\"\n            }\n        },\n        {\n            \"@type\": \"Question\",\n            \"name\": \"Como a voz pode refletir o estado do sistema imunol\\u00f3gico?\",\n            \"acceptedAnswer\": {\n                \"@type\": \"Answer\",\n                \"text\": \"\"\n            }\n        },\n        {\n            \"@type\": \"Question\",\n            \"name\": \"Qual \\u00e9 a rela\\u00e7\\u00e3o entre emo\\u00e7\\u00f5es como ansiedade e a vibra\\u00e7\\u00e3o da voz?\",\n            \"acceptedAnswer\": {\n                \"@type\": \"Answer\",\n                \"text\": \"\"\n            }\n        },\n        {\n            \"@type\": \"Question\",\n            \"name\": \"O Aquera substitui tratamentos m\\u00e9dicos tradicionais?\",\n            \"acceptedAnswer\": {\n                \"@type\": \"Answer\",\n                \"text\": \"\"\n            }\n        },\n        {\n            \"@type\": \"Question\",\n            \"name\": \"Com que frequ\\u00eancia devo utilizar o Aquera para obter resultados consistentes?\",\n            \"acceptedAnswer\": {\n                \"@type\": \"Answer\",\n                \"text\": \"\"\n            }\n        },\n        {\n            \"@type\": \"Question\",\n            \"name\": \"\\u00c9 poss\\u00edvel detectar desequil\\u00edbrios mesmo antes de sintomas f\\u00edsicos aparecerem?\",\n            \"acceptedAnswer\": {\n                \"@type\": \"Answer\",\n                \"text\": \"\"\n            }\n        },\n        {\n            \"@type\": \"Question\",\n            \"name\": \"Por que a an\\u00e1lise da voz \\u00e9 mais precisa quando considera a chave pessoal?\",\n            \"acceptedAnswer\": {\n                \"@type\": \"Answer\",\n                \"text\": \"\"\n            }\n        }\n    ]\n}<\/script>\n\t\t\t\t\t\t\t<\/div>\n\t\t\t\t<\/div>\n\t\t<div class=\"elementor-element elementor-element-f501057 e-con-full e-flex e-con e-child\" data-id=\"f501057\" data-element_type=\"container\" data-settings=\"{&quot;background_background&quot;:&quot;classic&quot;,&quot;_ha_eqh_enable&quot;:false}\">\n\t\t\t\t<div class=\"elementor-element elementor-element-a90891f elementor-widget elementor-widget-heading\" data-id=\"a90891f\" data-element_type=\"widget\" data-widget_type=\"heading.default\">\n\t\t\t\t<div class=\"elementor-widget-container\">\n\t\t\t\t\t<h4 class=\"elementor-heading-title elementor-size-default\">Referencias Cient\u00edficas<\/h4>\t\t\t\t<\/div>\n\t\t\t\t<\/div>\n\t\t\t\t<div class=\"elementor-element elementor-element-effe196 ha-content--column ha-align--flex-start ha-icon--row elementor-widget elementor-widget-ha-feature-list happy-addon ha-feature-list happy-addon-pro\" data-id=\"effe196\" data-element_type=\"widget\" data-widget_type=\"ha-feature-list.default\">\n\t\t\t\t<div class=\"elementor-widget-container\">\n\t\t\t\t\t\n        <ul class=\"ha-feature-list-wrap\">\n                            <li class=\"ha-list-item\">\n                                            <a class=\"ha-content\" href=\"https:\/\/www.nature.com\/articles\/nature14432\" target=\"_blank\" rel=\"noopener\">\n                    \n\t\t\t\t\t\t                            <div class=\"ha-icon icon\">\n\t\t\t\t\t\t\t\t<i aria-hidden=\"true\" class=\"huge huge-link-04\"><\/i>                            <\/div>\n                        \n                        <div class=\"ha-text\">\n                            Structural and functional features of central nervous system lymphatic vessels                        <\/div>\n\n                                        <\/a>\n                                    <\/li>\n                            <li class=\"ha-list-item\">\n                                            <a class=\"ha-content\" href=\"https:\/\/pmc.ncbi.nlm.nih.gov\/articles\/PMC7900543\/\" target=\"_blank\" rel=\"noopener\">\n                    \n\t\t\t\t\t\t                            <div class=\"ha-icon icon\">\n\t\t\t\t\t\t\t\t<i aria-hidden=\"true\" class=\"huge huge-link-04\"><\/i>                            <\/div>\n                        \n                        <div class=\"ha-text\">\n                            Sistema Glinf\u00e1tico como Porta de Entrada para Conectar a Neurodegenera\u00e7\u00e3o da Periferia ao SNC                        <\/div>\n\n                                        <\/a>\n                                    <\/li>\n                            <li class=\"ha-list-item\">\n                                            <a class=\"ha-content\" href=\"https:\/\/journals.lww.com\/nrronline\/fulltext\/2024\/12000\/glymphatic_system__a_gateway_for_neuroinflammation.23.aspx\" target=\"_blank\" rel=\"noopener\">\n                    \n\t\t\t\t\t\t                            <div class=\"ha-icon icon\">\n\t\t\t\t\t\t\t\t<i aria-hidden=\"true\" class=\"huge huge-link-04\"><\/i>                            <\/div>\n                        \n                        <div class=\"ha-text\">\n                            Sistema glinf\u00e1tico: uma porta de entrada para a neuroinflama\u00e7\u00e3o                        <\/div>\n\n                                        <\/a>\n                                    <\/li>\n                            <li class=\"ha-list-item\">\n                                            <a class=\"ha-content\" href=\"https:\/\/www.frontiersin.org\/journals\/psychiatry\/articles\/10.3389\/fpsyt.2023.1087548\/full\" target=\"_blank\" rel=\"noopener\">\n                    \n\t\t\t\t\t\t                            <div class=\"ha-icon icon\">\n\t\t\t\t\t\t\t\t<i aria-hidden=\"true\" class=\"huge huge-link-04\"><\/i>                            <\/div>\n                        \n                        <div class=\"ha-text\">\n                            Body exposure and vocal analysis                        <\/div>\n\n                                        <\/a>\n                                    <\/li>\n                            <li class=\"ha-list-item\">\n                                            <a class=\"ha-content\" href=\"https:\/\/www.nature.com\/articles\/s41598-024-55550-3\" target=\"_blank\" rel=\"noopener\">\n                    \n\t\t\t\t\t\t                            <div class=\"ha-icon icon\">\n\t\t\t\t\t\t\t\t<i aria-hidden=\"true\" class=\"huge huge-link-04\"><\/i>                            <\/div>\n                        \n                        <div class=\"ha-text\">\n                            Acoustic and prosodic speech features reflect physiological stress but not isolated negative affect                        <\/div>\n\n                                        <\/a>\n                                    <\/li>\n                    <\/ul>\n\n        \t\t\t\t<\/div>\n\t\t\t\t<\/div>\n\t\t\t\t<\/div>\n\t\t\t\t\t<\/div>\n\t\t\t\t<\/div>\n\t\t<div class=\"elementor-element elementor-element-21474d4 e-flex e-con-boxed e-con e-parent\" data-id=\"21474d4\" data-element_type=\"container\" data-settings=\"{&quot;_ha_eqh_enable&quot;:false}\">\n\t\t\t\t\t<div class=\"e-con-inner\">\n\t\t\t\t\t<\/div>\n\t\t\t\t<\/div>\n\t\t\t\t<\/div>","protected":false},"excerpt":{"rendered":"<p>Voc\u00ea j\u00e1 pensou que seu corpo emite sinais el\u00e9tricos o tempo todo? Que ele funciona como uma orquestra de frequ\u00eancias, e que, quando uma nota sai do tom, surge a doen\u00e7a? A Biorresson\u00e2ncia Qu\u00e2ntica prop\u00f5e justamente isso: um novo olhar sobre a sa\u00fade, onde tudo \u00e9 vibra\u00e7\u00e3o \u2014 e o reequil\u00edbrio pode acontecer a partir das frequ\u00eancias.<\/p>\n<p>Neste contexto, a an\u00e1lise das frequ\u00eancias da voz surge como uma ferramenta inovadora para investigar estados emocionais, fisiol\u00f3gicos e imunol\u00f3gicos do corpo humano. A tecnologia Aquera se destaca por interpretar esses sinais por meio da vibra\u00e7\u00e3o vocal \u2014 uma leitura vibracional profunda e n\u00e3o invasiva.<\/p>","protected":false},"author":2,"featured_media":1819,"comment_status":"closed","ping_status":"open","sticky":false,"template":"","format":"standard","meta":{"_joinchat":[],"footnotes":""},"categories":[13],"tags":[17,56,55,49,57,58,54],"class_list":["post-1818","post","type-post","status-publish","format-standard","has-post-thumbnail","hentry","category-aquera","tag-aquera","tag-corpo","tag-emocao","tag-frequencia","tag-imunologico","tag-sistema-linfatico","tag-voz"],"_links":{"self":[{"href":"https:\/\/www.spavitatech.com\/es\/wp-json\/wp\/v2\/posts\/1818","targetHints":{"allow":["GET"]}}],"collection":[{"href":"https:\/\/www.spavitatech.com\/es\/wp-json\/wp\/v2\/posts"}],"about":[{"href":"https:\/\/www.spavitatech.com\/es\/wp-json\/wp\/v2\/types\/post"}],"author":[{"embeddable":true,"href":"https:\/\/www.spavitatech.com\/es\/wp-json\/wp\/v2\/users\/2"}],"replies":[{"embeddable":true,"href":"https:\/\/www.spavitatech.com\/es\/wp-json\/wp\/v2\/comments?post=1818"}],"version-history":[{"count":3,"href":"https:\/\/www.spavitatech.com\/es\/wp-json\/wp\/v2\/posts\/1818\/revisions"}],"predecessor-version":[{"id":2683,"href":"https:\/\/www.spavitatech.com\/es\/wp-json\/wp\/v2\/posts\/1818\/revisions\/2683"}],"wp:featuredmedia":[{"embeddable":true,"href":"https:\/\/www.spavitatech.com\/es\/wp-json\/wp\/v2\/media\/1819"}],"wp:attachment":[{"href":"https:\/\/www.spavitatech.com\/es\/wp-json\/wp\/v2\/media?parent=1818"}],"wp:term":[{"taxonomy":"category","embeddable":true,"href":"https:\/\/www.spavitatech.com\/es\/wp-json\/wp\/v2\/categories?post=1818"},{"taxonomy":"post_tag","embeddable":true,"href":"https:\/\/www.spavitatech.com\/es\/wp-json\/wp\/v2\/tags?post=1818"}],"curies":[{"name":"wp","href":"https:\/\/api.w.org\/{rel}","templated":true}]}}