{"id":2975,"date":"2025-09-09T11:22:59","date_gmt":"2025-09-09T14:22:59","guid":{"rendered":"https:\/\/www.spavitatech.com\/?p=2975"},"modified":"2025-09-09T11:34:16","modified_gmt":"2025-09-09T14:34:16","slug":"vitamina-d-e-saude","status":"publish","type":"post","link":"https:\/\/www.spavitatech.com\/es\/vitamina-d-e-saude\/","title":{"rendered":"Vitamina D y Salud"},"content":{"rendered":"<div data-elementor-type=\"wp-post\" data-elementor-id=\"2975\" class=\"elementor elementor-2975\" data-elementor-settings=\"{&quot;ha_cmc_init_switcher&quot;:&quot;no&quot;}\" data-elementor-post-type=\"post\">\n\t\t\t\t<div class=\"elementor-element elementor-element-9523fcf e-flex e-con-boxed e-con e-parent\" data-id=\"9523fcf\" data-element_type=\"container\" data-settings=\"{&quot;_ha_eqh_enable&quot;:false}\">\n\t\t\t\t\t<div class=\"e-con-inner\">\n\t\t\t\t<div class=\"elementor-element elementor-element-0c0f3f6 elementor-widget elementor-widget-text-editor\" data-id=\"0c0f3f6\" data-element_type=\"widget\" data-widget_type=\"text-editor.default\">\n\t\t\t\t<div class=\"elementor-widget-container\">\n\t\t\t\t\t\t\t\t\t<p>La vitamina D, frecuentemente llamada la \u201cvitamina del sol\u201d, va mucho m\u00e1s all\u00e1 de su papel tradicional en la salud \u00f3sea. Act\u00faa como una poderosa hormona, regulando m\u00e1s de 200 genes en el organismo e impactando directamente en el sistema inmunol\u00f3gico, el metabolismo, la salud cardiovascular e incluso en la prevenci\u00f3n de enfermedades autoinmunes y c\u00e1nceres. Aun as\u00ed, la mayor\u00eda de las personas desconoce su verdadera importancia y, lo m\u00e1s grave, vive con niveles cr\u00f3nicamente bajos, muchas veces dentro de los \u201cvalores de referencia oficiales\u201d, que para diversos especialistas son insuficientes para garantizar una salud plena.<\/p>\t\t\t\t\t\t\t\t<\/div>\n\t\t\t\t<\/div>\n\t\t\t\t<div class=\"elementor-element elementor-element-d668c54 elementor-widget elementor-widget-heading\" data-id=\"d668c54\" data-element_type=\"widget\" data-widget_type=\"heading.default\">\n\t\t\t\t<div class=\"elementor-widget-container\">\n\t\t\t\t\t<h2 class=\"elementor-heading-title elementor-size-default\">\u00bfQu\u00e9 es la Vitamina D? Una Visi\u00f3n Cient\u00edfica y Actualizada<\/h2>\t\t\t\t<\/div>\n\t\t\t\t<\/div>\n\t\t\t\t<div class=\"elementor-element elementor-element-f0b8f5b elementor-widget elementor-widget-text-editor\" data-id=\"f0b8f5b\" data-element_type=\"widget\" data-widget_type=\"text-editor.default\">\n\t\t\t\t<div class=\"elementor-widget-container\">\n\t\t\t\t\t\t\t\t\t<p class=\" translation-block\">Aunque est\u00e1 clasificada como vitamina, la <strong>vitamina D<\/strong> act\u00faa en el cuerpo como un <strong>prohormona esteroidea<\/strong>, es decir, una sustancia precursora de hormonas que influyen en la expresi\u00f3n gen\u00e9tica de m\u00e1s de <strong>2000 genes humanos<\/strong>, alrededor del 10% del genoma. Existen dos formas principales: <strong>vitamina D2 (ergocalciferol)<\/strong>, de origen vegetal, y <strong>vitamina D3 (colecalciferol)<\/strong>, producida en la piel a partir de la exposici\u00f3n al sol y tambi\u00e9n presente en alimentos de origen animal.<\/p><p class=\" translation-block\">Despu\u00e9s de ser sintetizada o ingerida, la vitamina D pasa por dos procesos de activaci\u00f3n: el primero ocurre en el <strong>h\u00edgado<\/strong>, donde se convierte en <strong>25-hidroxivitamina D [25(OH)D]<\/strong>, la forma utilizada para medir los niveles en sangre; el segundo en los ri\u00f1ones, donde se transforma en <strong>1,25-dihidroxivitamina D (calcitriol)<\/strong>, su forma biol\u00f3gicamente activa. Esta mol\u00e9cula act\u00faa en diversos tejidos, incluidos los huesos, el cerebro, el sistema inmune, el coraz\u00f3n e incluso c\u00e9lulas cancer\u00edgenas.<\/p><p class=\" translation-block\">Adem\u00e1s, la vitamina D influye en la absorci\u00f3n de calcio y f\u00f3sforo, regula el crecimiento celular, la funci\u00f3n neuromuscular y el equilibrio inflamatorio. Su deficiencia, por lo tanto, no compromete solo los huesos, sino todo el <strong>metabolismo del organismo<\/strong>.<\/p>\t\t\t\t\t\t\t\t<\/div>\n\t\t\t\t<\/div>\n\t\t\t\t<div class=\"elementor-element elementor-element-c11fceb elementor-widget elementor-widget-heading\" data-id=\"c11fceb\" data-element_type=\"widget\" data-widget_type=\"heading.default\">\n\t\t\t\t<div class=\"elementor-widget-container\">\n\t\t\t\t\t<h2 class=\"elementor-heading-title elementor-size-default\">\u00bfC\u00f3mo Se Sintetiza la Vitamina D en el Cuerpo?<\/h2>\t\t\t\t<\/div>\n\t\t\t\t<\/div>\n\t\t\t\t<div class=\"elementor-element elementor-element-d00e5ba elementor-widget elementor-widget-text-editor\" data-id=\"d00e5ba\" data-element_type=\"widget\" data-widget_type=\"text-editor.default\">\n\t\t\t\t<div class=\"elementor-widget-container\">\n\t\t\t\t\t\t\t\t\t<p class=\" translation-block\">La principal v\u00eda de obtenci\u00f3n de la <strong>vitamina D<\/strong> en el cuerpo humano es la s\u00edntesis cut\u00e1nea, un proceso bioqu\u00edmico altamente eficiente, pero que depende de factores muy espec\u00edficos. Todo comienza con la exposici\u00f3n de la piel a la radiaci\u00f3n <strong>ultravioleta B (UVB)<\/strong>, que incide sobre el colesterol presente en la epidermis, convirtiendo el <strong>7-deshidrocolesterol en previtamina D3<\/strong>. Posteriormente, esta mol\u00e9cula sufre un reordenamiento t\u00e9rmico y se transforma en <strong>vitamina D3 (colecalciferol)<\/strong>, que luego ser\u00e1 activada en el h\u00edgado y los ri\u00f1ones.<\/p><p>Sin embargo, esta s\u00edntesis depende de variables que pueden limitar dr\u00e1sticamente su eficacia:<\/p><ul><li class=\" translation-block\"><strong>Hora del d\u00eda<\/strong>: La producci\u00f3n ideal ocurre entre las 10 a. m. y las 3 p. m., cuando la radiaci\u00f3n UVB es m\u00e1s intensa.<\/li><li class=\" translation-block\"><strong>Color de piel<\/strong>: Las personas con piel m\u00e1s oscura tienen mayor cantidad de melanina, que act\u00faa como barrera a la radiaci\u00f3n UVB, reduciendo la producci\u00f3n.<\/li><li class=\" translation-block\"><strong>Edad<\/strong>: Con el envejecimiento, la cantidad de 7-deshidrocolesterol en la piel disminuye, reduciendo la s\u00edntesis de la vitamina.<\/li><li class=\" translation-block\"><strong>Uso de protector solar<\/strong>: Los filtros solares con FPS 15 o superior pueden bloquear hasta el 99% de la producci\u00f3n de vitamina D en la piel.<\/li><li class=\" translation-block\"><strong>Latitud y estaci\u00f3n del a\u00f1o<\/strong>: Las regiones por encima de los 35 grados de latitud (Norte o Sur) tienen baja radiaci\u00f3n UVB durante el oto\u00f1o e invierno, lo que hace casi imposible una producci\u00f3n adecuada.<\/li><li class=\" translation-block\"><strong>Contaminaci\u00f3n y vestimenta<\/strong>: Los entornos urbanos con alta contaminaci\u00f3n o el uso excesivo de ropa dificultan a\u00fan m\u00e1s la exposici\u00f3n solar eficaz.<\/li><\/ul><p>Este conjunto de factores explica por qu\u00e9, incluso en pa\u00edses tropicales como Brasil, una parte significativa de la poblaci\u00f3n presenta deficiencia de vitamina D, aun cuando se expone al sol diariamente.<\/p>\t\t\t\t\t\t\t\t<\/div>\n\t\t\t\t<\/div>\n\t\t\t\t<div class=\"elementor-element elementor-element-14543c1 elementor-widget elementor-widget-heading\" data-id=\"14543c1\" data-element_type=\"widget\" data-widget_type=\"heading.default\">\n\t\t\t\t<div class=\"elementor-widget-container\">\n\t\t\t\t\t<h2 class=\"elementor-heading-title elementor-size-default\">Fuentes Naturales de Vitamina D en la Alimentaci\u00f3n<\/h2>\t\t\t\t<\/div>\n\t\t\t\t<\/div>\n\t\t\t\t<div class=\"elementor-element elementor-element-24912a5 elementor-widget elementor-widget-text-editor\" data-id=\"24912a5\" data-element_type=\"widget\" data-widget_type=\"text-editor.default\">\n\t\t\t\t<div class=\"elementor-widget-container\">\n\t\t\t\t\t\t\t\t\t<p class=\" translation-block\">Aunque la <strong>vitamina D<\/strong> puede obtenerse a trav\u00e9s de la dieta, los alimentos naturales ricos en este nutriente son relativamente escasos. La mayor\u00eda son de origen animal, especialmente los que contienen grasa, ya que la vitamina D es liposoluble. Esto significa que su absorci\u00f3n depende de la presencia de l\u00edpidos en la comida.<\/p><p>Consulta las principales fuentes alimentarias de vitamina D3 (colecalciferol), la forma m\u00e1s biodisponible para el cuerpo humano:<\/p><table style=\"width: 100%; border-collapse: collapse;\"><thead><tr style=\"background-color: #f2f2f2;\"><th style=\"border: 1px solid #ddd; padding: 8px;\"><span style=\"font-weight: 400;\">Alimento<\/span><\/th><th style=\"border: 1px solid #ddd; padding: 8px;\"><span style=\"font-weight: 400;\">Cantidad (por 100 g)<\/span><\/th><th style=\"border: 1px solid #ddd; padding: 8px;\"><span style=\"font-weight: 400;\">Vitamina D (UI)<\/span><\/th><\/tr><\/thead><tbody><tr><td style=\"border: 1px solid #ddd; padding: 8px;\">Aceite de h\u00edgado de bacalao<\/td><td style=\"border: 1px solid #ddd; padding: 8px;\">1 cucharada<\/td><td style=\"border: 1px solid #ddd; padding: 8px;\">~10.000 UI<\/td><\/tr><tr><td style=\"border: 1px solid #ddd; padding: 8px;\">Sardina (enlatada o a la parrilla)<\/td><td style=\"border: 1px solid #ddd; padding: 8px;\">100 g<\/td><td style=\"border: 1px solid #ddd; padding: 8px;\">300\u2013400 UI<\/td><\/tr><tr><td style=\"border: 1px solid #ddd; padding: 8px;\">Salm\u00f3n salvaje<\/td><td style=\"border: 1px solid #ddd; padding: 8px;\">100 g<\/td><td style=\"border: 1px solid #ddd; padding: 8px;\">600\u20131000 UI<\/td><\/tr><tr><td style=\"border: 1px solid #ddd; padding: 8px;\">H\u00edgado bovino<\/td><td style=\"border: 1px solid #ddd; padding: 8px;\">100 g<\/td><td style=\"border: 1px solid #ddd; padding: 8px;\">50\u2013100 UI<\/td><\/tr><tr><td style=\"border: 1px solid #ddd; padding: 8px;\">Yema de huevo<\/td><td style=\"border: 1px solid #ddd; padding: 8px;\">1 unidad<\/td><td style=\"border: 1px solid #ddd; padding: 8px;\">20\u201340 UI<\/td><\/tr><tr><td style=\"border: 1px solid #ddd; padding: 8px;\">Hongos (expuestos a luz UV)<\/td><td style=\"border: 1px solid #ddd; padding: 8px;\">100 g<\/td><td style=\"border: 1px solid #ddd; padding: 8px;\">at\u00e9 400 UI (D2)<\/td><\/tr><tr><td style=\"border: 1px solid #ddd; padding: 8px;\">Leche entera (fortificada)<\/td><td style=\"border: 1px solid #ddd; padding: 8px;\">1 vaso (200 ml)<\/td><td style=\"border: 1px solid #ddd; padding: 8px;\">100\u2013150 UI<\/td><\/tr><\/tbody><\/table><p class=\" translation-block\">Cabe destacar que la vitamina D2 (ergocalciferol), presente en los hongos y algunos alimentos vegetales, es <strong>menos eficiente<\/strong> para elevar los niveles s\u00e9ricos de 25(OH)D en comparaci\u00f3n con la vitamina D3. Adem\u00e1s, los m\u00e9todos de cocci\u00f3n, almacenamiento e industrializaci\u00f3n pueden reducir la concentraci\u00f3n del nutriente en los alimentos.<\/p><p class=\" translation-block\">Por lo tanto, aunque la alimentaci\u00f3n contribuye al aporte de vitamina D, <strong>no es suficiente por s\u00ed sola<\/strong> para alcanzar niveles ideales, especialmente los recomendados por estudios m\u00e1s recientes, que se\u00f1alan la necesidad de mantener concentraciones por encima de 60\u201380 ng\/mL para beneficios inmunol\u00f3gicos y metab\u00f3licos significativos.<\/p>\t\t\t\t\t\t\t\t<\/div>\n\t\t\t\t<\/div>\n\t\t\t\t<div class=\"elementor-element elementor-element-45feebc elementor-widget elementor-widget-image\" data-id=\"45feebc\" data-element_type=\"widget\" data-widget_type=\"image.default\">\n\t\t\t\t<div class=\"elementor-widget-container\">\n\t\t\t\t\t\t\t\t\t\t\t\t\t\t\t<img fetchpriority=\"high\" decoding=\"async\" width=\"800\" height=\"450\" src=\"https:\/\/www.spavitatech.com\/wp-content\/uploads\/2025\/09\/vitamina-d-1024x576.jpg\" class=\"attachment-large size-large wp-image-2993\" alt=\"\" srcset=\"https:\/\/www.spavitatech.com\/wp-content\/uploads\/2025\/09\/vitamina-d-1024x576.jpg 1024w, https:\/\/www.spavitatech.com\/wp-content\/uploads\/2025\/09\/vitamina-d-300x169.jpg 300w, https:\/\/www.spavitatech.com\/wp-content\/uploads\/2025\/09\/vitamina-d-768x432.jpg 768w, https:\/\/www.spavitatech.com\/wp-content\/uploads\/2025\/09\/vitamina-d-18x10.jpg 18w, https:\/\/www.spavitatech.com\/wp-content\/uploads\/2025\/09\/vitamina-d.jpg 1536w\" sizes=\"(max-width: 800px) 100vw, 800px\" \/>\t\t\t\t\t\t\t\t\t\t\t\t\t\t\t<\/div>\n\t\t\t\t<\/div>\n\t\t\t\t<div class=\"elementor-element elementor-element-a4a85e4 elementor-widget elementor-widget-heading\" data-id=\"a4a85e4\" data-element_type=\"widget\" data-widget_type=\"heading.default\">\n\t\t\t\t<div class=\"elementor-widget-container\">\n\t\t\t\t\t<h2 class=\"elementor-heading-title elementor-size-default\">Suplementaci\u00f3n de Vitamina D: Dosis, Formas y Cuidados<\/h2>\t\t\t\t<\/div>\n\t\t\t\t<\/div>\n\t\t\t\t<div class=\"elementor-element elementor-element-8dbdcd5 elementor-widget elementor-widget-text-editor\" data-id=\"8dbdcd5\" data-element_type=\"widget\" data-widget_type=\"text-editor.default\">\n\t\t\t\t<div class=\"elementor-widget-container\">\n\t\t\t\t\t\t\t\t\t<p>Ante la dificultad de alcanzar niveles ideales de vitamina D solo con la alimentaci\u00f3n y la exposici\u00f3n solar, la suplementaci\u00f3n se ha convertido en una estrategia esencial para gran parte de la poblaci\u00f3n. La suplementaci\u00f3n puede hacerse por v\u00eda oral (c\u00e1psulas, gotas o comprimidos) o inyectable, siendo la v\u00eda oral la m\u00e1s com\u00fan y accesible.<\/p><p>Las dosis var\u00edan seg\u00fan la edad, el peso, la exposici\u00f3n solar, las enfermedades preexistentes y los niveles s\u00e9ricos de 25(OH)D. A continuaci\u00f3n, una estimaci\u00f3n general basada en recomendaciones m\u00e9dicas actualizadas:<\/p><table style=\"width: 100%; border-collapse: collapse;\"><thead><tr style=\"background-color: #f2f2f2;\"><th style=\"border: 1px solid #ddd; padding: 8px;\"><span style=\"font-weight: 400;\">Grupo<\/span><\/th><th style=\"border: 1px solid #ddd; padding: 8px;\"><span style=\"font-weight: 400;\">Dosis diaria recomendada<\/span><\/th><\/tr><\/thead><tbody><tr><td style=\"border: 1px solid #ddd; padding: 8px;\">Adultos sanos<\/td><td style=\"border: 1px solid #ddd; padding: 8px;\">2.000 a 4.000 UI<\/td><\/tr><tr><td style=\"border: 1px solid #ddd; padding: 8px;\">Mayores (&gt; 65 a\u00f1os)<\/td><td style=\"border: 1px solid #ddd; padding: 8px;\">4.000 a 6.000 UI<\/td><\/tr><tr><td style=\"border: 1px solid #ddd; padding: 8px;\">Personas con deficiencia moderada<\/td><td style=\"border: 1px solid #ddd; padding: 8px;\">10.000 UI durante 8 a 12 semanas<\/td><\/tr><tr><td style=\"border: 1px solid #ddd; padding: 8px;\">Obesos o con malabsorci\u00f3n intestinal<\/td><td style=\"border: 1px solid #ddd; padding: 8px;\">10.000 a 20.000 UI diarias<\/td><\/tr><tr><td style=\"border: 1px solid #ddd; padding: 8px;\">Mantenimiento tras la reposici\u00f3n<\/td><td style=\"border: 1px solid #ddd; padding: 8px;\">5.000 UI por tiempo indefinido<\/td><\/tr><\/tbody><\/table><ul><li>\u26a0\ufe0f <strong>Aten\u00e7\u00e3o<\/strong>: A dose segura m\u00e1xima, segundo a Endocrine Society, pode chegar a <strong>10.000 UI\/dia<\/strong>. Por\u00e9m, o ideal \u00e9 sempre suplementar sob orienta\u00e7\u00e3o m\u00e9dica, com acompanhamento de exames laboratoriais para evitar <strong>toxicidade<\/strong>, embora essa condi\u00e7\u00e3o seja extremamente rara e geralmente ligada a uso cr\u00f4nico e indiscriminado.<\/li><\/ul><p class=\" translation-block\">Otro punto esencial es la <strong>forma de la vitamina D<\/strong>. La <strong>vitamina D3 (colecalciferol)<\/strong> es m\u00e1s eficaz que la D2 (ergocalciferol), con mayor vida media y mejor capacidad para elevar los niveles sangu\u00edneos. Adem\u00e1s, es importante asociar su uso con grasas saludables (como aceite de oliva u omega-3) para garantizar su absorci\u00f3n, ya que es una vitamina liposoluble.<\/p>\t\t\t\t\t\t\t\t<\/div>\n\t\t\t\t<\/div>\n\t\t\t\t<div class=\"elementor-element elementor-element-4b554e6 elementor-widget elementor-widget-heading\" data-id=\"4b554e6\" data-element_type=\"widget\" data-widget_type=\"heading.default\">\n\t\t\t\t<div class=\"elementor-widget-container\">\n\t\t\t\t\t<h2 class=\"elementor-heading-title elementor-size-default\">Deficiencia de Vitamina D: Causas, S\u00edntomas y Consecuencias en el Organismo<\/h2>\t\t\t\t<\/div>\n\t\t\t\t<\/div>\n\t\t\t\t<div class=\"elementor-element elementor-element-b58ec7f elementor-widget elementor-widget-text-editor\" data-id=\"b58ec7f\" data-element_type=\"widget\" data-widget_type=\"text-editor.default\">\n\t\t\t\t<div class=\"elementor-widget-container\">\n\t\t\t\t\t\t\t\t\t<p class=\" translation-block\">La <strong>deficiencia de vitamina D<\/strong> se considera una de las carencias nutricionales m\u00e1s prevalentes del mundo, y afecta a millones de personas de todas las edades, incluso en pa\u00edses soleados. El problema se agrava porque muchas veces los s\u00edntomas son silenciosos o se confunden con otras afecciones, lo que retrasa el diagn\u00f3stico y el tratamiento.<\/p><p><strong>Principales causas de la deficiencia<\/strong><\/p><ul><li>Falta de exposici\u00f3n solar adecuada<\/li><li>Uso excesivo de protector solar o ropa que cubre la piel<\/li><li>Piel oscura, que dificulta la s\u00edntesis de vitamina D<\/li><li>Envejecimiento natural<\/li><li>Obesidad (la vitamina D queda \u201csecuestrada\u201d en el tejido adiposo)<\/li><li>Enfermedades intestinales (como enfermedad cel\u00edaca, Crohn o cirug\u00eda bari\u00e1trica)<\/li><li>Uso cr\u00f3nico de medicamentos (como anticonvulsivantes, corticosteroides u orlistat)<\/li><\/ul><p><strong>Signos y s\u00edntomas m\u00e1s comunes<\/strong><\/p><ul><li>Fatiga constante y falta de energ\u00eda<\/li><li>Dolores musculares y debilidad<\/li><li>Ca\u00edda del cabello<\/li><li>Huesos fr\u00e1giles, con mayor riesgo de fracturas<\/li><li>Infecciones frecuentes (resfriados, gripes)<\/li><li>Tristeza, irritabilidad o s\u00edntomas depresivos<\/li><li>D\u00e9ficit de concentraci\u00f3n y memoria<\/li><\/ul><p><strong>Consecuencias en el organismo<\/strong><\/p><p class=\" translation-block\">La deficiencia prolongada de vitamina D afecta al organismo de forma sist\u00e9mica. A corto plazo, compromete la <strong>respuesta inmunitaria<\/strong>, la <strong>funci\u00f3n muscular<\/strong> y el equilibrio de <strong>calcio y f\u00f3sforo<\/strong> en la sangre. A largo plazo, puede aumentar el riesgo de enfermedades graves como:<\/p><ul><li>Osteopenia y osteoporosis<\/li><li>Diabetes tipo 2<\/li><li>Hipertensi\u00f3n arterial<\/li><li>Enfermedades autoinmunes (lupus, esclerosis m\u00faltiple)<\/li><li>Alzheimer y enfermedades neurodegenerativas<\/li><li>C\u00e1nceres (mama, pr\u00f3stata, colon)<\/li><\/ul><p>\ud83e\udde0 <strong>Curiosidade cient\u00edfica<\/strong>: Estudos mostram que n\u00edveis adequados de vitamina D podem reduzir em at\u00e9 <strong>50%<\/strong> o risco de infec\u00e7\u00f5es respirat\u00f3rias e regular a atividade de linf\u00f3citos T \u2014 c\u00e9lulas essenciais do sistema imune.<\/p>\t\t\t\t\t\t\t\t<\/div>\n\t\t\t\t<\/div>\n\t\t\t\t<div class=\"elementor-element elementor-element-2c7f9f2 elementor-widget elementor-widget-heading\" data-id=\"2c7f9f2\" data-element_type=\"widget\" data-widget_type=\"heading.default\">\n\t\t\t\t<div class=\"elementor-widget-container\">\n\t\t\t\t\t<h2 class=\"elementor-heading-title elementor-size-default\">Vitamina D y el Sistema Inmunol\u00f3gico: El V\u00ednculo Olvidado de la Inmunidad Natural<\/h2>\t\t\t\t<\/div>\n\t\t\t\t<\/div>\n\t\t\t\t<div class=\"elementor-element elementor-element-24064c6 elementor-widget elementor-widget-text-editor\" data-id=\"24064c6\" data-element_type=\"widget\" data-widget_type=\"text-editor.default\">\n\t\t\t\t<div class=\"elementor-widget-container\">\n\t\t\t\t\t\t\t\t\t<p class=\" translation-block\">La <strong>vitamina D<\/strong> no es solo una coadyuvante en el sistema inmunitario; es protagonista. Act\u00faa como un <strong>modulador inmunol\u00f3gico<\/strong>, regulando la inmunidad innata y adaptativa. Sus receptores (VDR) est\u00e1n presentes en pr\u00e1cticamente todas las c\u00e9lulas inmunes: monocitos, macr\u00f3fagos, c\u00e9lulas dendr\u00edticas y linfocitos T y B.<\/p><p><strong>C\u00f3mo la vitamina D fortalece el sistema inmunitario:<\/strong><\/p><ul><li class=\" translation-block\">Estimula la producci\u00f3n de <strong>p\u00e9ptidos antimicrobianos<\/strong>, como la <strong>catelicidina<\/strong>, que destruye r\u00e1pidamente virus, bacterias y hongos.<\/li><li class=\" translation-block\">Disminuye la <strong>inflamaci\u00f3n cr\u00f3nica de bajo grado<\/strong>, com\u00fan en enfermedades autoinmunes y metab\u00f3licas.<\/li><li>Reduce la respuesta inmune exagerada (tormenta de citoquinas), que puede ser mortal en infecciones virales graves.<\/li><li class=\" translation-block\">Favorece el equilibrio entre linfocitos <strong>Th1 y Th2<\/strong>, ayudando a evitar alergias y respuestas autoinmunes.<\/li><\/ul><p class=\" translation-block\">Durante la pandemia de COVID-19, varios estudios asociaron niveles bajos de vitamina D con peores desenlaces cl\u00ednicos, hospitalizaciones m\u00e1s prolongadas y mayor mortalidad. Aunque la vitamina D <strong>no previene las infecciones por s\u00ed sola<\/strong>, <strong>modula la gravedad de la respuesta del organismo<\/strong> y puede mejorar la recuperaci\u00f3n.<\/p><p><strong>Las poblaciones con deficiencia tienden a enfermar m\u00e1s:<\/strong><\/p><ul><li>Ni\u00f1os con baja inmunidad e infecciones respiratorias frecuentes<\/li><li>Personas mayores, grupo con mayor mortalidad por gripes y neumon\u00edas<\/li><li>Inmunodeprimidos, como trasplantados o personas con c\u00e1ncer<\/li><li>Personas con enfermedades autoinmunes (vit\u00edligo, tiroiditis de Hashimoto, lupus)<\/li><\/ul><p>\ud83d\udd2c <strong>Dado relevante<\/strong>: Um estudo publicado na revista BMJ revelou que a suplementa\u00e7\u00e3o de vitamina D reduziu em at\u00e9 <strong>70% o risco de infec\u00e7\u00f5es respirat\u00f3rias agudas<\/strong> em pessoas com defici\u00eancia grave.<\/p>\t\t\t\t\t\t\t\t<\/div>\n\t\t\t\t<\/div>\n\t\t\t\t<div class=\"elementor-element elementor-element-2e9420d elementor-widget elementor-widget-heading\" data-id=\"2e9420d\" data-element_type=\"widget\" data-widget_type=\"heading.default\">\n\t\t\t\t<div class=\"elementor-widget-container\">\n\t\t\t\t\t<h2 class=\"elementor-heading-title elementor-size-default\">Valores ideales de vitamina D: \u00bfPor qu\u00e9 los rangos de referencia son tan bajos?<\/h2>\t\t\t\t<\/div>\n\t\t\t\t<\/div>\n\t\t\t\t<div class=\"elementor-element elementor-element-3c05a0c elementor-widget elementor-widget-text-editor\" data-id=\"3c05a0c\" data-element_type=\"widget\" data-widget_type=\"text-editor.default\">\n\t\t\t\t<div class=\"elementor-widget-container\">\n\t\t\t\t\t\t\t\t\t<p class=\" translation-block\">La mayor\u00eda de los laboratorios y organismos de salud p\u00fablica define como \u201csuficiente\u201d un nivel de vitamina D (25(OH)D) entre <strong>20 y 30 ng\/mL<\/strong>. No obstante, muchos m\u00e9dicos e investigadores independientes advierten que estos valores son <strong>extremadamente conservadores<\/strong> y se establecieron <strong>exclusivamente en funci\u00f3n de la salud \u00f3sea<\/strong>, ignorando los efectos sist\u00e9micos e inmunol\u00f3gicos de la vitamina D.<\/p><p><strong>Valores defendidos por especialistas independientes:<\/strong><\/p><ul><li class=\" translation-block\"><strong>Insuficiente<\/strong>: por debajo de 40 ng\/mL<\/li><li class=\" translation-block\"><strong>Ideal para la inmunidad y la prevenci\u00f3n de enfermedades cr\u00f3nicas<\/strong>: entre <strong>60 y 100 ng\/mL<\/strong><\/li><li class=\" translation-block\"><strong>\u00d3ptimo para pacientes autoinmunes, oncol\u00f3gicos o con enfermedades cr\u00f3nicas<\/strong>: entre <strong>80 y 120 ng\/mL<\/strong><\/li><li class=\" translation-block\"><strong>T\u00f3xico (potencialmente)<\/strong>: por encima de <strong>150 ng\/mL<\/strong> durante per\u00edodos prolongados<\/li><\/ul><p class=\" translation-block\">Estos valores no son <em>meras conjeturas<\/em>. Estudios poblacionales y cl\u00ednicos muestran que las personas con niveles superiores a <strong>60 ng\/mL<\/strong> presentan menor incidencia de:<\/p><ul><li>Infecciones virales y bacterianas<\/li><li>Enfermedades autoinmunes (como esclerosis m\u00faltiple y artritis reumatoide)<\/li><li>Hipertensi\u00f3n, diabetes tipo 2 y resistencia a la insulina<\/li><li>Algunos tipos de c\u00e1ncer, especialmente de mama, colon y pr\u00f3stata<\/li><\/ul><p><strong>\u00bfPor qu\u00e9 los niveles oficiales siguen siendo bajos?<\/strong><\/p><p class=\" translation-block\">Existe una cr\u00edtica creciente de que las directrices m\u00e1s bajas favorecen el aumento de enfermedades cr\u00f3nicas silenciosas, generando un ciclo lucrativo de <strong>medicaci\u00f3n continua<\/strong>. Adem\u00e1s, las recomendaciones actuales se basaron en estudios antiguos, ignorando avances recientes de la endocrinolog\u00eda y la inmunolog\u00eda nutricional.<\/p><p>\u26a0\ufe0f<strong> Aten\u00e7\u00e3o importante<\/strong>: Ter valores \u201cnormais\u201d no exame laboratorial <strong>n\u00e3o significa estar saud\u00e1vel<\/strong>. O ideal \u00e9 buscar n\u00edveis funcionais \u2014 n\u00e3o apenas evitar o m\u00ednimo necess\u00e1rio para evitar o raquitismo.<\/p>\t\t\t\t\t\t\t\t<\/div>\n\t\t\t\t<\/div>\n\t\t\t\t<div class=\"elementor-element elementor-element-614e47d elementor-widget elementor-widget-heading\" data-id=\"614e47d\" data-element_type=\"widget\" data-widget_type=\"heading.default\">\n\t\t\t\t<div class=\"elementor-widget-container\">\n\t\t\t\t\t<h2 class=\"elementor-heading-title elementor-size-default\">Vitamina D en dosis altas: mitos, riesgos reales y monitoreo<\/h2>\t\t\t\t<\/div>\n\t\t\t\t<\/div>\n\t\t\t\t<div class=\"elementor-element elementor-element-e8b5a0c elementor-widget elementor-widget-text-editor\" data-id=\"e8b5a0c\" data-element_type=\"widget\" data-widget_type=\"text-editor.default\">\n\t\t\t\t<div class=\"elementor-widget-container\">\n\t\t\t\t\t\t\t\t\t<p class=\" translation-block\">La idea de que la vitamina D puede causar <strong>toxicidad a dosis elevadas<\/strong> es uno de los mayores temores asociados a la suplementaci\u00f3n, pero tambi\u00e9n uno de los m\u00e1s <strong>malentendidos<\/strong>. En la pr\u00e1ctica cl\u00ednica, los casos de toxicidad son extremadamente raros y suelen ocurrir tras <strong>uso prolongado sin control de laboratorio<\/strong>, con dosis muy superiores a las recomendadas por m\u00e9dicos experimentados.<\/p><p><strong>\u00bfQu\u00e9 se considera una \u201cdosis alta\u201d?<\/strong><\/p><ul><li class=\" translation-block\">Para la mayor\u00eda de las personas, las dosis superiores a <strong>10.000 UI<\/strong> al d\u00eda se consideran altas.<\/li><li class=\" translation-block\">En protocolos terap\u00e9uticos controlados, como el <strong>Protocolo Coimbra<\/strong> (utilizado para enfermedades autoinmunes), las dosis pueden superar las <strong>50.000 UI\/d\u00eda<\/strong>, con ajustes individualizados y un seguimiento riguroso de <strong>calcio, creatinina, urea y hormona paratiroidea (PTH)<\/strong>.<\/li><\/ul><p><strong>El verdadero riesgo del exceso de vitamina D:<\/strong><\/p><p class=\" translation-block\">El principal riesgo de la hipervitaminosis D es la <strong>hipercalcemia<\/strong>\u2014exceso de calcio en la sangre, que puede provocar s\u00edntomas como:<\/p><ul><li>N\u00e1useas y v\u00f3mitos<\/li><li>Debilidad muscular<\/li><li>Confusi\u00f3n mental<\/li><li>C\u00e1lculos renales<\/li><li>Deshidrataci\u00f3n<\/li><\/ul><p class=\" translation-block\">Sin embargo, estos s\u00edntomas suelen aparecer solo con <strong>niveles superiores a 150\u2013200 ng\/mL<\/strong> durante un per\u00edodo prolongado <strong>sin supervisi\u00f3n<\/strong> y con una ingesta elevada de calcio de forma concomitante.<\/p><p><strong>Lo que muestra la ciencia m\u00e1s reciente:<\/strong><\/p><p class=\" translation-block\">Los estudios muestran que, para causar toxicidad, ser\u00eda necesario mantener una ingesta diaria de <strong>40.000 a 100.000 UI durante varios meses<\/strong> sin interrupci\u00f3n, muy por encima de la pr\u00e1ctica cl\u00ednica habitual.<\/p><p>\u2705 <strong>Conclus\u00e3o segura<\/strong>: Suplementar vitamina D em doses de 4.000 a 10.000 UI por dia <strong>\u00e9 considerado seguro para adultos saud\u00e1veis<\/strong>, desde que acompanhado por um profissional e com exames peri\u00f3dicos.<\/p>\t\t\t\t\t\t\t\t<\/div>\n\t\t\t\t<\/div>\n\t\t\t\t<div class=\"elementor-element elementor-element-4d54321 elementor-widget elementor-widget-heading\" data-id=\"4d54321\" data-element_type=\"widget\" data-widget_type=\"heading.default\">\n\t\t\t\t<div class=\"elementor-widget-container\">\n\t\t\t\t\t<h2 class=\"elementor-heading-title elementor-size-default\">Conclusi\u00f3n:<\/h2>\t\t\t\t<\/div>\n\t\t\t\t<\/div>\n\t\t\t\t<div class=\"elementor-element elementor-element-0219138 elementor-widget elementor-widget-text-editor\" data-id=\"0219138\" data-element_type=\"widget\" data-widget_type=\"text-editor.default\">\n\t\t\t\t<div class=\"elementor-widget-container\">\n\t\t\t\t\t\t\t\t\t<p class=\" translation-block\">El <a href=\"https:\/\/ods.od.nih.gov\/factsheets\/Magnesium-HealthProfessional\/\" target=\"_blank\" rel=\"noopener\">magnesio<\/a> es mucho m\u00e1s que un simple mineral: es un verdadero pilar de la salud f\u00edsica y mental. Al participar en cientos de funciones del organismo, su presencia adecuada es fundamental para mantener el coraz\u00f3n sano, el buen funcionamiento muscular, el equilibrio cerebral y un sue\u00f1o saludable.<\/p><p>Lamentablemente, la carencia de magnesio se ha vuelto com\u00fan en la vida moderna\u2014ya sea por mala alimentaci\u00f3n, estr\u00e9s cr\u00f3nico o uso prolongado de f\u00e1rmacos. Conocer los s\u00edntomas de deficiencia, identificar fuentes alimentarias ricas y entender cu\u00e1ndo la suplementaci\u00f3n es necesaria puede marcar una gran diferencia en tu calidad de vida.<\/p><p>El camino m\u00e1s seguro y eficaz es adoptar una alimentaci\u00f3n equilibrada, rica en vegetales, semillas y alimentos integrales\u2014y buscar orientaci\u00f3n profesional cuando sea necesario. Peque\u00f1os cambios pueden traer grandes resultados.<\/p><p>\u2728 <strong>\u00bfY vos, ya evaluaste tus niveles de magnesio?<\/strong>Si ven\u00eds sintiendo cansancio, irritabilidad, dificultad para dormir o calambres frecuentes, quiz\u00e1 tu cuerpo est\u00e9 pidiendo m\u00e1s de este mineral esencial. Empez\u00e1 hoy mismo haciendo peque\u00f1os cambios en tu alimentaci\u00f3n y, si hace falta, habl\u00e1 con un\/a nutricionista o m\u00e9dico\/a de confianza.<\/p><p><strong>\u00a1Tu salud lo agradecer\u00e1\u2014y tu cuerpo sentir\u00e1 la diferencia!<\/strong><\/p>\t\t\t\t\t\t\t\t<\/div>\n\t\t\t\t<\/div>\n\t\t\t\t<div class=\"elementor-element elementor-element-8fb915f elementor-widget elementor-widget-heading\" data-id=\"8fb915f\" data-element_type=\"widget\" data-widget_type=\"heading.default\">\n\t\t\t\t<div class=\"elementor-widget-container\">\n\t\t\t\t\t<h2 class=\"elementor-heading-title elementor-size-default\">\u00bfPor qu\u00e9 la vitamina D es el nutriente m\u00e1s subestimado de la salud moderna?<\/h2>\t\t\t\t<\/div>\n\t\t\t\t<\/div>\n\t\t\t\t<div class=\"elementor-element elementor-element-c67e852 elementor-widget elementor-widget-text-editor\" data-id=\"c67e852\" data-element_type=\"widget\" data-widget_type=\"text-editor.default\">\n\t\t\t\t<div class=\"elementor-widget-container\">\n\t\t\t\t\t\t\t\t\t<p class=\" translation-block\">La <strong>vitamina D<\/strong> trasciende su papel cl\u00e1sico en la salud \u00f3sea. Es una verdadera <strong>orquestadora del equilibrio corporal<\/strong>, que influye en la inmunidad, el metabolismo, la funci\u00f3n hormonal, la salud mental y la prevenci\u00f3n de enfermedades cr\u00f3nicas. Aun as\u00ed, sigue <strong>siendo desatendida por las directrices oficiales<\/strong>, infradosificada en los tratamientos y mal comprendida por buena parte de la poblaci\u00f3n\u2014e incluso por muchos profesionales de la salud.<\/p><p class=\" translation-block\">Vivimos un escenario en el que las personas presentan an\u00e1lisis \u201cdentro de lo normal\u201d pero siguen enfermando con resfriados recurrentes, fatiga cr\u00f3nica, depresi\u00f3n, dolores musculares y enfermedades autoinmunes silenciosas. En muchos de estos casos, la deficiencia de vitamina D es una <strong>pieza clave ignorada del rompecabezas<\/strong>.<\/p><p class=\" translation-block\">\u00bfLa buena noticia? Tratar la deficiencia es sencillo, accesible y puede transformar la salud. La exposici\u00f3n solar consciente, la alimentaci\u00f3n estrat\u00e9gica y la suplementaci\u00f3n guiada pueden restablecer el equilibrio y ofrecer una <strong>calidad de vida real<\/strong>, no solo ausencia de enfermedad.<\/p><p>\ud83c\udf1e <strong>Vitamin D is free, natural, and vital<\/strong>. Y quiz\u00e1, por ser tan sencilla, haya sido tan olvidada.<\/p>\t\t\t\t\t\t\t\t<\/div>\n\t\t\t\t<\/div>\n\t\t\t\t<div class=\"elementor-element elementor-element-927be24 elementor-widget elementor-widget-n-accordion\" data-id=\"927be24\" data-element_type=\"widget\" data-settings=\"{&quot;default_state&quot;:&quot;expanded&quot;,&quot;max_items_expended&quot;:&quot;one&quot;,&quot;n_accordion_animation_duration&quot;:{&quot;unit&quot;:&quot;ms&quot;,&quot;size&quot;:400,&quot;sizes&quot;:[]}}\" data-widget_type=\"nested-accordion.default\">\n\t\t\t\t<div class=\"elementor-widget-container\">\n\t\t\t\t\t\t\t<div class=\"e-n-accordion\" aria-label=\"Accordion. Open links with Enter or Space, close with Escape, and navigate with Arrow Keys\">\n\t\t\t\t\t\t<details id=\"e-n-accordion-item-1530\" class=\"e-n-accordion-item\" open>\n\t\t\t\t<summary class=\"e-n-accordion-item-title\" data-accordion-index=\"1\" tabindex=\"0\" aria-expanded=\"true\" aria-controls=\"e-n-accordion-item-1530\" >\n\t\t\t\t\t<span class='e-n-accordion-item-title-header'><h3 class=\"e-n-accordion-item-title-text\"> \u00bfCu\u00e1l es la mejor hora del d\u00eda para tomar sol y producir vitamina D? <\/h3><\/span>\n\t\t\t\t\t\t\t<span class='e-n-accordion-item-title-icon'>\n\t\t\t<span class='e-opened' ><i aria-hidden=\"true\" class=\"hm hm-angle-down\"><\/i><\/span>\n\t\t\t<span class='e-closed'><i aria-hidden=\"true\" class=\"hm hm-angle-right\"><\/i><\/span>\n\t\t<\/span>\n\n\t\t\t\t\t\t<\/summary>\n\t\t\t\t<div role=\"region\" aria-labelledby=\"e-n-accordion-item-1530\" class=\"elementor-element elementor-element-b3d05f7 e-con-full e-flex e-con e-child\" data-id=\"b3d05f7\" data-element_type=\"container\" data-settings=\"{&quot;_ha_eqh_enable&quot;:false}\">\n\t\t\t\t<div class=\"elementor-element elementor-element-88ece15 elementor-widget elementor-widget-text-editor\" data-id=\"88ece15\" data-element_type=\"widget\" data-widget_type=\"text-editor.default\">\n\t\t\t\t<div class=\"elementor-widget-container\">\n\t\t\t\t\t\t\t\t\t<p>La mejor hora para exponerse al sol y estimular la producci\u00f3n de vitamina D es entre las 10 y las 15 horas, cuando los rayos UVB son m\u00e1s intensos. Ese per\u00edodo favorece una s\u00edntesis cut\u00e1nea m\u00e1s eficiente de vitamina D3.<\/p>\t\t\t\t\t\t\t\t<\/div>\n\t\t\t\t<\/div>\n\t\t\t\t<\/div>\n\t\t\t\t\t<\/details>\n\t\t\t\t\t\t<details id=\"e-n-accordion-item-1531\" class=\"e-n-accordion-item\" >\n\t\t\t\t<summary class=\"e-n-accordion-item-title\" data-accordion-index=\"2\" tabindex=\"-1\" aria-expanded=\"false\" aria-controls=\"e-n-accordion-item-1531\" >\n\t\t\t\t\t<span class='e-n-accordion-item-title-header'><h3 class=\"e-n-accordion-item-title-text\"> \u00bfCu\u00e1nto tiempo de sol al d\u00eda es suficiente para sintetizar vitamina D? <\/h3><\/span>\n\t\t\t\t\t\t\t<span class='e-n-accordion-item-title-icon'>\n\t\t\t<span class='e-opened' ><i aria-hidden=\"true\" class=\"hm hm-angle-down\"><\/i><\/span>\n\t\t\t<span class='e-closed'><i aria-hidden=\"true\" class=\"hm hm-angle-right\"><\/i><\/span>\n\t\t<\/span>\n\n\t\t\t\t\t\t<\/summary>\n\t\t\t\t<div role=\"region\" aria-labelledby=\"e-n-accordion-item-1531\" class=\"elementor-element elementor-element-651716b e-con-full e-flex e-con e-child\" data-id=\"651716b\" data-element_type=\"container\" data-settings=\"{&quot;_ha_eqh_enable&quot;:false}\">\n\t\t\t\t<div class=\"elementor-element elementor-element-921b98f elementor-widget elementor-widget-text-editor\" data-id=\"921b98f\" data-element_type=\"widget\" data-widget_type=\"text-editor.default\">\n\t\t\t\t<div class=\"elementor-widget-container\">\n\t\t\t\t\t\t\t\t\t<p>El tiempo necesario var\u00eda seg\u00fan el tono de piel, la ubicaci\u00f3n y la estaci\u00f3n del a\u00f1o. En promedio, 15\u201330 minutos diarios son suficientes para piel clara. Pieles m\u00e1s oscuras pueden necesitar hasta 1 hora de exposici\u00f3n diaria.<\/p>\t\t\t\t\t\t\t\t<\/div>\n\t\t\t\t<\/div>\n\t\t\t\t<\/div>\n\t\t\t\t\t<\/details>\n\t\t\t\t\t\t<details id=\"e-n-accordion-item-1532\" class=\"e-n-accordion-item\" >\n\t\t\t\t<summary class=\"e-n-accordion-item-title\" data-accordion-index=\"3\" tabindex=\"-1\" aria-expanded=\"false\" aria-controls=\"e-n-accordion-item-1532\" >\n\t\t\t\t\t<span class='e-n-accordion-item-title-header'><h3 class=\"e-n-accordion-item-title-text\"> \u00bfQui\u00e9n no debe tomar vitamina D en dosis altas? <\/h3><\/span>\n\t\t\t\t\t\t\t<span class='e-n-accordion-item-title-icon'>\n\t\t\t<span class='e-opened' ><i aria-hidden=\"true\" class=\"hm hm-angle-down\"><\/i><\/span>\n\t\t\t<span class='e-closed'><i aria-hidden=\"true\" class=\"hm hm-angle-right\"><\/i><\/span>\n\t\t<\/span>\n\n\t\t\t\t\t\t<\/summary>\n\t\t\t\t<div role=\"region\" aria-labelledby=\"e-n-accordion-item-1532\" class=\"elementor-element elementor-element-c8a1127 e-con-full e-flex e-con e-child\" data-id=\"c8a1127\" data-element_type=\"container\" data-settings=\"{&quot;_ha_eqh_enable&quot;:false}\">\n\t\t\t\t<div class=\"elementor-element elementor-element-4360c03 elementor-widget elementor-widget-text-editor\" data-id=\"4360c03\" data-element_type=\"widget\" data-widget_type=\"text-editor.default\">\n\t\t\t\t<div class=\"elementor-widget-container\">\n\t\t\t\t\t\t\t\t\t<p>Personas con sarcoidosis, hiperparatiroidismo, enfermedad renal cr\u00f3nica o niveles elevados de calcio en sangre (hipercalcemia) deben evitar dosis altas sin supervisi\u00f3n m\u00e9dica.<\/p>\t\t\t\t\t\t\t\t<\/div>\n\t\t\t\t<\/div>\n\t\t\t\t<\/div>\n\t\t\t\t\t<\/details>\n\t\t\t\t\t\t<details id=\"e-n-accordion-item-1533\" class=\"e-n-accordion-item\" >\n\t\t\t\t<summary class=\"e-n-accordion-item-title\" data-accordion-index=\"4\" tabindex=\"-1\" aria-expanded=\"false\" aria-controls=\"e-n-accordion-item-1533\" >\n\t\t\t\t\t<span class='e-n-accordion-item-title-header'><h3 class=\"e-n-accordion-item-title-text\">  \u00bfLa vitamina D engorda o adelgaza? <\/h3><\/span>\n\t\t\t\t\t\t\t<span class='e-n-accordion-item-title-icon'>\n\t\t\t<span class='e-opened' ><i aria-hidden=\"true\" class=\"hm hm-angle-down\"><\/i><\/span>\n\t\t\t<span class='e-closed'><i aria-hidden=\"true\" class=\"hm hm-angle-right\"><\/i><\/span>\n\t\t<\/span>\n\n\t\t\t\t\t\t<\/summary>\n\t\t\t\t<div role=\"region\" aria-labelledby=\"e-n-accordion-item-1533\" class=\"elementor-element elementor-element-e82b60c e-con-full e-flex e-con e-child\" data-id=\"e82b60c\" data-element_type=\"container\" data-settings=\"{&quot;_ha_eqh_enable&quot;:false}\">\n\t\t\t\t<div class=\"elementor-element elementor-element-3369533 elementor-widget elementor-widget-text-editor\" data-id=\"3369533\" data-element_type=\"widget\" data-widget_type=\"text-editor.default\">\n\t\t\t\t<div class=\"elementor-widget-container\">\n\t\t\t\t\t\t\t\t\t<p class=\" translation-block\">La vitamina D <strong>no engorda ni adelgaza<\/strong> directamente, pero niveles adecuados pueden mejorar el metabolismo, reducir la inflamaci\u00f3n y modular hormonas relacionadas con el apetito, como la leptina.<\/p>\t\t\t\t\t\t\t\t<\/div>\n\t\t\t\t<\/div>\n\t\t\t\t<\/div>\n\t\t\t\t\t<\/details>\n\t\t\t\t\t\t<details id=\"e-n-accordion-item-1534\" class=\"e-n-accordion-item\" >\n\t\t\t\t<summary class=\"e-n-accordion-item-title\" data-accordion-index=\"5\" tabindex=\"-1\" aria-expanded=\"false\" aria-controls=\"e-n-accordion-item-1534\" >\n\t\t\t\t\t<span class='e-n-accordion-item-title-header'><h3 class=\"e-n-accordion-item-title-text\"> \u00bfEs mejor tomar vitamina D en c\u00e1psulas o en gotas? <\/h3><\/span>\n\t\t\t\t\t\t\t<span class='e-n-accordion-item-title-icon'>\n\t\t\t<span class='e-opened' ><i aria-hidden=\"true\" class=\"hm hm-angle-down\"><\/i><\/span>\n\t\t\t<span class='e-closed'><i aria-hidden=\"true\" class=\"hm hm-angle-right\"><\/i><\/span>\n\t\t<\/span>\n\n\t\t\t\t\t\t<\/summary>\n\t\t\t\t<div role=\"region\" aria-labelledby=\"e-n-accordion-item-1534\" class=\"elementor-element elementor-element-19b1338 e-con-full e-flex e-con e-child\" data-id=\"19b1338\" data-element_type=\"container\" data-settings=\"{&quot;_ha_eqh_enable&quot;:false}\">\n\t\t\t\t<div class=\"elementor-element elementor-element-c1f1afd elementor-widget elementor-widget-text-editor\" data-id=\"c1f1afd\" data-element_type=\"widget\" data-widget_type=\"text-editor.default\">\n\t\t\t\t<div class=\"elementor-widget-container\">\n\t\t\t\t\t\t\t\t\t<p class=\" translation-block\">Ambas formas son eficaces siempre que contengan <strong>vitamina D3 (colecalciferol)<\/strong> y se tomen con una comida rica en grasas. Las gotas ofrecen mayor flexibilidad de dosificaci\u00f3n, mientras que las c\u00e1psulas son m\u00e1s pr\u00e1cticas para uso continuo.<\/p><p><strong>La elecci\u00f3n depende de la preferencia personal y de la orientaci\u00f3n profesional.<\/strong><\/p>\t\t\t\t\t\t\t\t<\/div>\n\t\t\t\t<\/div>\n\t\t\t\t<\/div>\n\t\t\t\t\t<\/details>\n\t\t\t\t\t\t<details id=\"e-n-accordion-item-1535\" class=\"e-n-accordion-item\" >\n\t\t\t\t<summary class=\"e-n-accordion-item-title\" data-accordion-index=\"6\" tabindex=\"-1\" aria-expanded=\"false\" aria-controls=\"e-n-accordion-item-1535\" >\n\t\t\t\t\t<span class='e-n-accordion-item-title-header'><h3 class=\"e-n-accordion-item-title-text\"> \u00bfCu\u00e1l es la diferencia entre vitamina D2 y D3? <\/h3><\/span>\n\t\t\t\t\t\t\t<span class='e-n-accordion-item-title-icon'>\n\t\t\t<span class='e-opened' ><i aria-hidden=\"true\" class=\"hm hm-angle-down\"><\/i><\/span>\n\t\t\t<span class='e-closed'><i aria-hidden=\"true\" class=\"hm hm-angle-right\"><\/i><\/span>\n\t\t<\/span>\n\n\t\t\t\t\t\t<\/summary>\n\t\t\t\t<div role=\"region\" aria-labelledby=\"e-n-accordion-item-1535\" class=\"elementor-element elementor-element-99cb228 e-con-full e-flex e-con e-child\" data-id=\"99cb228\" data-element_type=\"container\" data-settings=\"{&quot;_ha_eqh_enable&quot;:false}\">\n\t\t\t\t<div class=\"elementor-element elementor-element-6f75166 elementor-widget elementor-widget-text-editor\" data-id=\"6f75166\" data-element_type=\"widget\" data-widget_type=\"text-editor.default\">\n\t\t\t\t<div class=\"elementor-widget-container\">\n\t\t\t\t\t\t\t\t\t<p class=\" translation-block\">La <strong>vitamina D3<\/strong> (colecalciferol) es de origen animal y m\u00e1s eficaz para elevar los niveles sangu\u00edneos. La <strong>vitamina D2<\/strong> (ergocalciferol) es de origen vegetal y tiene menor potencia y estabilidad.<\/p>\t\t\t\t\t\t\t\t<\/div>\n\t\t\t\t<\/div>\n\t\t\t\t<\/div>\n\t\t\t\t\t<\/details>\n\t\t\t\t\t\t<details id=\"e-n-accordion-item-1536\" class=\"e-n-accordion-item\" >\n\t\t\t\t<summary class=\"e-n-accordion-item-title\" data-accordion-index=\"7\" tabindex=\"-1\" aria-expanded=\"false\" aria-controls=\"e-n-accordion-item-1536\" >\n\t\t\t\t\t<span class='e-n-accordion-item-title-header'><h3 class=\"e-n-accordion-item-title-text\"> \u00bfPuedo tomar vitamina D todos los d\u00edas o necesito pausas? <\/h3><\/span>\n\t\t\t\t\t\t\t<span class='e-n-accordion-item-title-icon'>\n\t\t\t<span class='e-opened' ><i aria-hidden=\"true\" class=\"hm hm-angle-down\"><\/i><\/span>\n\t\t\t<span class='e-closed'><i aria-hidden=\"true\" class=\"hm hm-angle-right\"><\/i><\/span>\n\t\t<\/span>\n\n\t\t\t\t\t\t<\/summary>\n\t\t\t\t<div role=\"region\" aria-labelledby=\"e-n-accordion-item-1536\" class=\"elementor-element elementor-element-8a8a22f e-con-full e-flex e-con e-child\" data-id=\"8a8a22f\" data-element_type=\"container\" data-settings=\"{&quot;_ha_eqh_enable&quot;:false}\">\n\t\t\t\t<div class=\"elementor-element elementor-element-b9b00ab elementor-widget elementor-widget-text-editor\" data-id=\"b9b00ab\" data-element_type=\"widget\" data-widget_type=\"text-editor.default\">\n\t\t\t\t<div class=\"elementor-widget-container\">\n\t\t\t\t\t\t\t\t\t<p>S\u00ed, la vitamina D puede tomarse a diario, especialmente en dosis fisiol\u00f3gicas (2.000\u20135.000 UI\/d\u00eda). Las pausas solo se indican en protocolos de alta dosis o seg\u00fan la orientaci\u00f3n m\u00e9dica basada en ex\u00e1menes.<\/p><p>Lo importante es mantener niveles s\u00e9ricos ideales en el tiempo, con control peri\u00f3dico.<\/p>\t\t\t\t\t\t\t\t<\/div>\n\t\t\t\t<\/div>\n\t\t\t\t<\/div>\n\t\t\t\t\t<\/details>\n\t\t\t\t\t<\/div>\n\t\t\t\t\t<script type=\"application\/ld+json\">{\n    \"@context\": \"https:\\\/\\\/schema.org\",\n    \"@type\": \"FAQPage\",\n    \"mainEntity\": [\n        {\n            \"@type\": \"Question\",\n            \"name\": \"Qual \\u00e9 a melhor hora do dia para tomar sol e produzir vitamina D?\",\n            \"acceptedAnswer\": {\n                \"@type\": \"Answer\",\n                \"text\": \"\"\n            }\n        },\n        {\n            \"@type\": \"Question\",\n            \"name\": \"Quanto tempo de sol por dia \\u00e9 suficiente para sintetizar vitamina D?\",\n            \"acceptedAnswer\": {\n                \"@type\": \"Answer\",\n                \"text\": \"\"\n            }\n        },\n        {\n            \"@type\": \"Question\",\n            \"name\": \"Quem n\\u00e3o pode tomar vitamina D em altas doses?\",\n            \"acceptedAnswer\": {\n                \"@type\": \"Answer\",\n                \"text\": \"\"\n            }\n        },\n        {\n            \"@type\": \"Question\",\n            \"name\": \"Vitamina D engorda ou emagrece?\",\n            \"acceptedAnswer\": {\n                \"@type\": \"Answer\",\n                \"text\": \"\"\n            }\n        },\n        {\n            \"@type\": \"Question\",\n            \"name\": \"\\u00c9 melhor tomar vitamina D em c\\u00e1psulas ou em gotas?\",\n            \"acceptedAnswer\": {\n                \"@type\": \"Answer\",\n                \"text\": \"\"\n            }\n        },\n        {\n            \"@type\": \"Question\",\n            \"name\": \"Qual a diferen\\u00e7a entre vitamina D2 e D3?\",\n            \"acceptedAnswer\": {\n                \"@type\": \"Answer\",\n                \"text\": \"\"\n            }\n        },\n        {\n            \"@type\": \"Question\",\n            \"name\": \"Posso tomar vitamina D todos os dias ou preciso fazer pausas?\",\n            \"acceptedAnswer\": {\n                \"@type\": \"Answer\",\n                \"text\": \"\"\n            }\n        }\n    ]\n}<\/script>\n\t\t\t\t\t\t\t<\/div>\n\t\t\t\t<\/div>\n\t\t<div class=\"elementor-element elementor-element-23dba66 e-con-full e-flex e-con e-child\" data-id=\"23dba66\" data-element_type=\"container\" data-settings=\"{&quot;background_background&quot;:&quot;classic&quot;,&quot;_ha_eqh_enable&quot;:false}\">\n\t\t\t\t<div class=\"elementor-element elementor-element-cdaedd0 elementor-widget elementor-widget-heading\" data-id=\"cdaedd0\" data-element_type=\"widget\" data-widget_type=\"heading.default\">\n\t\t\t\t<div class=\"elementor-widget-container\">\n\t\t\t\t\t<h4 class=\"elementor-heading-title elementor-size-default\">References<\/h4>\t\t\t\t<\/div>\n\t\t\t\t<\/div>\n\t\t\t\t<div class=\"elementor-element elementor-element-38d2cfa ha-content--column ha-align--flex-start ha-icon--row elementor-widget elementor-widget-ha-feature-list happy-addon ha-feature-list happy-addon-pro\" data-id=\"38d2cfa\" data-element_type=\"widget\" data-widget_type=\"ha-feature-list.default\">\n\t\t\t\t<div class=\"elementor-widget-container\">\n\t\t\t\t\t\n        <ul class=\"ha-feature-list-wrap\">\n                            <li class=\"ha-list-item\">\n                                            <a class=\"ha-content\" href=\"https:\/\/ods.od.nih.gov\/factsheets\/VitaminD-HealthProfessional\/\" target=\"_blank\" rel=\"noopener\">\n                    \n\t\t\t\t\t\t                            <div class=\"ha-icon icon\">\n\t\t\t\t\t\t\t\t<i aria-hidden=\"true\" class=\"huge huge-link-04\"><\/i>                            <\/div>\n                        \n                        <div class=\"ha-text\">\n                            N\u00edveis de vitamina D considerados suficientes                        <\/div>\n\n                                        <\/a>\n                                    <\/li>\n                            <li class=\"ha-list-item\">\n                                            <a class=\"ha-content\" href=\"https:\/\/emedicine.medscape.com\/article\/128762-overview?form=fpf\" target=\"_blank\" rel=\"noopener\">\n                    \n\t\t\t\t\t\t                            <div class=\"ha-icon icon\">\n\t\t\t\t\t\t\t\t<i aria-hidden=\"true\" class=\"huge huge-link-04\"><\/i>                            <\/div>\n                        \n                        <div class=\"ha-text\">\n                            Diretrizes cl\u00ednicas Endocrine Society (adultos com obesidade ou m\u00e1 absor\u00e7\u00e3o)                        <\/div>\n\n                                        <\/a>\n                                    <\/li>\n                            <li class=\"ha-list-item\">\n                                            <a class=\"ha-content\" href=\"https:\/\/pubmed.ncbi.nlm.nih.gov\/28883932\/\" target=\"_blank\" rel=\"noopener\">\n                    \n\t\t\t\t\t\t                            <div class=\"ha-icon icon\">\n\t\t\t\t\t\t\t\t<i aria-hidden=\"true\" class=\"huge huge-link-04\"><\/i>                            <\/div>\n                        \n                        <div class=\"ha-text\">\n                            Rela\u00e7\u00e3o entre vitamina D e imunidade (pept\u00eddeo antimicrobiano catelicidina)                        <\/div>\n\n                                        <\/a>\n                                    <\/li>\n                            <li class=\"ha-list-item\">\n                                            <a class=\"ha-content\" href=\"https:\/\/time.com\/4672626\/vitamin-d-cold-flu\/\" target=\"_blank\" rel=\"noopener\">\n                    \n\t\t\t\t\t\t                            <div class=\"ha-icon icon\">\n\t\t\t\t\t\t\t\t<i aria-hidden=\"true\" class=\"huge huge-link-04\"><\/i>                            <\/div>\n                        \n                        <div class=\"ha-text\">\n                            Meta-an\u00e1lises sobre infec\u00e7\u00f5es respirat\u00f3rias                        <\/div>\n\n                                        <\/a>\n                                    <\/li>\n                            <li class=\"ha-list-item\">\n                                            <a class=\"ha-content\" href=\"https:\/\/pmc.ncbi.nlm.nih.gov\/articles\/PMC2665033\/\" target=\"_blank\" rel=\"noopener\">\n                    \n\t\t\t\t\t\t                            <div class=\"ha-icon icon\">\n\t\t\t\t\t\t\t\t<i aria-hidden=\"true\" class=\"huge huge-link-04\"><\/i>                            <\/div>\n                        \n                        <div class=\"ha-text\">\n                            Classifica\u00e7\u00e3o de defici\u00eancia e insufici\u00eancia de vitamina D                        <\/div>\n\n                                        <\/a>\n                                    <\/li>\n                    <\/ul>\n\n        \t\t\t\t<\/div>\n\t\t\t\t<\/div>\n\t\t\t\t<\/div>\n\t\t\t\t\t<\/div>\n\t\t\t\t<\/div>\n\t\t<div class=\"elementor-element elementor-element-21474d4 e-flex e-con-boxed e-con e-parent\" data-id=\"21474d4\" data-element_type=\"container\" data-settings=\"{&quot;_ha_eqh_enable&quot;:false}\">\n\t\t\t\t\t<div class=\"e-con-inner\">\n\t\t\t\t\t<\/div>\n\t\t\t\t<\/div>\n\t\t\t\t<\/div>","protected":false},"excerpt":{"rendered":"<p>Vitamina D: O Nutriente Mais Subestimado da Sa\u00fade Moderna<br \/>\nVoc\u00ea sabia que estar \u201cdentro dos valores de refer\u00eancia\u201d pode n\u00e3o ser suficiente para estar saud\u00e1vel? Descubra neste guia completo como a vitamina D influencia seu sistema imunol\u00f3gico, energia, metabolismo e at\u00e9 a preven\u00e7\u00e3o de doen\u00e7as graves.<br \/>\n\u2705 Alimentos ricos<br \/>\n\u2705 Suplementa\u00e7\u00e3o segura<br \/>\n\u2705 Sintomas da defici\u00eancia<br \/>\n\u2705 Doses ideais reais<br \/>\nLeia agora e entenda por que milh\u00f5es vivem com defici\u00eancia sem saber!<\/p>","protected":false},"author":2,"featured_media":2989,"comment_status":"closed","ping_status":"open","sticky":false,"template":"","format":"standard","meta":{"_joinchat":[],"footnotes":""},"categories":[1],"tags":[47,68,101,102],"class_list":["post-2975","post","type-post","status-publish","format-standard","has-post-thumbnail","hentry","category-geral","tag-saude","tag-sol","tag-suplementacao","tag-vitamina-d"],"_links":{"self":[{"href":"https:\/\/www.spavitatech.com\/es\/wp-json\/wp\/v2\/posts\/2975","targetHints":{"allow":["GET"]}}],"collection":[{"href":"https:\/\/www.spavitatech.com\/es\/wp-json\/wp\/v2\/posts"}],"about":[{"href":"https:\/\/www.spavitatech.com\/es\/wp-json\/wp\/v2\/types\/post"}],"author":[{"embeddable":true,"href":"https:\/\/www.spavitatech.com\/es\/wp-json\/wp\/v2\/users\/2"}],"replies":[{"embeddable":true,"href":"https:\/\/www.spavitatech.com\/es\/wp-json\/wp\/v2\/comments?post=2975"}],"version-history":[{"count":3,"href":"https:\/\/www.spavitatech.com\/es\/wp-json\/wp\/v2\/posts\/2975\/revisions"}],"predecessor-version":[{"id":3000,"href":"https:\/\/www.spavitatech.com\/es\/wp-json\/wp\/v2\/posts\/2975\/revisions\/3000"}],"wp:featuredmedia":[{"embeddable":true,"href":"https:\/\/www.spavitatech.com\/es\/wp-json\/wp\/v2\/media\/2989"}],"wp:attachment":[{"href":"https:\/\/www.spavitatech.com\/es\/wp-json\/wp\/v2\/media?parent=2975"}],"wp:term":[{"taxonomy":"category","embeddable":true,"href":"https:\/\/www.spavitatech.com\/es\/wp-json\/wp\/v2\/categories?post=2975"},{"taxonomy":"post_tag","embeddable":true,"href":"https:\/\/www.spavitatech.com\/es\/wp-json\/wp\/v2\/tags?post=2975"}],"curies":[{"name":"wp","href":"https:\/\/api.w.org\/{rel}","templated":true}]}}